{"id":126846,"date":"2019-10-15T13:39:06","date_gmt":"2019-10-15T16:39:06","guid":{"rendered":"http:\/\/www.caririemacao.com\/1\/?p=126846"},"modified":"2019-10-15T13:39:06","modified_gmt":"2019-10-15T16:39:06","slug":"suspeito-de-matar-adolescente-e-encontrado-morto-em-teixeira","status":"publish","type":"post","link":"https:\/\/www.caririemacao.com\/1\/2019\/10\/15\/suspeito-de-matar-adolescente-e-encontrado-morto-em-teixeira\/","title":{"rendered":"Suspeito de matar adolescente \u00e9 encontrado morto em Teixeira"},"content":{"rendered":"\n<p>O jovem suspeito de matar a adolescente, de 16 anos em Teixeira, foi encontrado morto, com sinais de enforcamento na oficina do seu av\u00f4, nas proximidades do s\u00edtio Catol\u00e9, Zona Rural de Teixeira, na Para\u00edba.&nbsp;<\/p>\n\n\n\n<p>A Pol\u00edcia ainda n\u00e3o conseguiu a identifica\u00e7\u00e3o do jovem que aparenta ter 18 anos.<br><\/p>\n\n\n\n<p>O caso&nbsp;<a href=\"https:\/\/www.clickpb.com.br\/Policial\/adolescente-de-16-anos-e-esfaqueada-e-morre-em-teixeira-269833.html\">aconteceu na tarde desta segunda-feira (14)<\/a>, quando a adolescente estava em frente \u00e0 sua resid\u00eancia, onde mora com os pais, no setor Tr\u00eas Postes, quando o seu ex-companheiro chegou a p\u00e9 e a esfaqueou no lado direito do peito.<\/p>\n\n\n\n<p>O Servi\u00e7o de Atendimento M\u00f3vel de Urg\u00eancia (SAMU) chegou a ser acionado,<br>mas a v\u00edtima n\u00e3o resistiu aos ferimentos e morreu no local.<br><\/p>\n","protected":false},"excerpt":{"rendered":"<p>O jovem suspeito de matar a adolescente, de 16 anos em Teixeira, foi encontrado morto, com sinais de enforcamento na oficina do seu av\u00f4, nas&hellip; <\/p>\n","protected":false},"author":1,"featured_media":126847,"comment_status":"closed","ping_status":"closed","sticky":false,"template":"","format":"standard","meta":{"sfsi_plus_gutenberg_text_before_share":"","sfsi_plus_gutenberg_show_text_before_share":"","sfsi_plus_gutenberg_icon_type":"","sfsi_plus_gutenberg_icon_alignemt":"","sfsi_plus_gutenburg_max_per_row":"","footnotes":""},"categories":[12],"tags":[],"class_list":["post-126846","post","type-post","status-publish","format-standard","has-post-thumbnail","hentry","category-policia"],"_links":{"self":[{"href":"https:\/\/www.caririemacao.com\/1\/wp-json\/wp\/v2\/posts\/126846","targetHints":{"allow":["GET"]}}],"collection":[{"href":"https:\/\/www.caririemacao.com\/1\/wp-json\/wp\/v2\/posts"}],"about":[{"href":"https:\/\/www.caririemacao.com\/1\/wp-json\/wp\/v2\/types\/post"}],"author":[{"embeddable":true,"href":"https:\/\/www.caririemacao.com\/1\/wp-json\/wp\/v2\/users\/1"}],"replies":[{"embeddable":true,"href":"https:\/\/www.caririemacao.com\/1\/wp-json\/wp\/v2\/comments?post=126846"}],"version-history":[{"count":1,"href":"https:\/\/www.caririemacao.com\/1\/wp-json\/wp\/v2\/posts\/126846\/revisions"}],"predecessor-version":[{"id":126848,"href":"https:\/\/www.caririemacao.com\/1\/wp-json\/wp\/v2\/posts\/126846\/revisions\/126848"}],"wp:featuredmedia":[{"embeddable":true,"href":"https:\/\/www.caririemacao.com\/1\/wp-json\/wp\/v2\/media\/126847"}],"wp:attachment":[{"href":"https:\/\/www.caririemacao.com\/1\/wp-json\/wp\/v2\/media?parent=126846"}],"wp:term":[{"taxonomy":"category","embeddable":true,"href":"https:\/\/www.caririemacao.com\/1\/wp-json\/wp\/v2\/categories?post=126846"},{"taxonomy":"post_tag","embeddable":true,"href":"https:\/\/www.caririemacao.com\/1\/wp-json\/wp\/v2\/tags?post=126846"}],"curies":[{"name":"wp","href":"https:\/\/api.w.org\/{rel}","templated":true}]}}