{"id":126854,"date":"2019-10-15T13:44:52","date_gmt":"2019-10-15T16:44:52","guid":{"rendered":"http:\/\/www.caririemacao.com\/1\/?p=126854"},"modified":"2019-10-15T13:44:52","modified_gmt":"2019-10-15T16:44:52","slug":"julian-lemos-se-revolta-com-acusacao-de-traicao-e-ameaca-quem-divulgou-lista-negra","status":"publish","type":"post","link":"https:\/\/www.caririemacao.com\/1\/2019\/10\/15\/julian-lemos-se-revolta-com-acusacao-de-traicao-e-ameaca-quem-divulgou-lista-negra\/","title":{"rendered":"Julian Lemos se revolta com acusa\u00e7\u00e3o de trai\u00e7\u00e3o e amea\u00e7a quem divulgou &#8216;lista negra&#8217;"},"content":{"rendered":"\n<p>O deputado federal paraibano Julian Lemos ficou indignado com a suposi\u00e7\u00e3o de que teria tra\u00eddo o presidente Jair Bolsonaro. \u201cSe eu soubesse quem fez isso, e se eu soubesse que foi um homem, eu iria at\u00e9 as vias de fato com ele\u201d, disse ele por telefone ao Click PB.<\/p>\n\n\n\n<p>O&nbsp;<a href=\"https:\/\/www.clickpb.com.br\/politica\/deputado-paraibano-julian-lemos-e-apontado-como-traidor-de-bolsonaro-em-lista-269887.html\">nome do deputado apareceu em uma lista<\/a>&nbsp;negra de traidores que supostamente seria mantida pelo presidente Jair Bolsonaro e foi publicada pelo site O Antagonista.&nbsp;<\/p>\n\n\n\n<p>Al\u00e9m de garantir que jamais fez nada que pudesse ser considerado uma trai\u00e7\u00e3o contra o presidente, Julian Lemos tamb\u00e9m afirmou que essa lista n\u00e3o partiu de Jair Bolsonaro. \u201cAs pessoas querem ver o circo pegar fogo, mas eu n\u00e3o entro nessa\u201d, comentou.<\/p>\n\n\n\n<p>Julian Lemos contou que j\u00e1 se encontrou com o presidente algumas vezes e que tem uma rela\u00e7\u00e3o muito boa com ele. \u201cSe ele tivesse alguma coisa a dizer, ele diria a mim\u201d, avaliou.&nbsp;<\/p>\n\n\n\n<p>\u201cEu sou t\u00e3o leal ao presidente, que mesmo se ele deixasse de falar comigo, mesmo se ele atravessasse a rua para n\u00e3o falar comigo, eu continuaria sendo leal a ele\u201d, garantiu Julian Lemos.<\/p>\n\n\n\n<p>Questionado sobre quem poderia estar por tr\u00e1s da divulga\u00e7\u00e3o da lista, o deputado disse que foi provavelmente algu\u00e9m que queria causar intriga. \u201cO poder tem muito bab\u00e3o. Ningu\u00e9m sabe tamb\u00e9m se foi da oposi\u00e7\u00e3o que partiu isso, se eu soubesse quem foi eu diria\u201d.<\/p>\n","protected":false},"excerpt":{"rendered":"<p>O deputado federal paraibano Julian Lemos ficou indignado com a suposi\u00e7\u00e3o de que teria tra\u00eddo o presidente Jair Bolsonaro. \u201cSe eu soubesse quem fez isso,&hellip; <\/p>\n","protected":false},"author":1,"featured_media":126855,"comment_status":"closed","ping_status":"closed","sticky":false,"template":"","format":"standard","meta":{"sfsi_plus_gutenberg_text_before_share":"","sfsi_plus_gutenberg_show_text_before_share":"","sfsi_plus_gutenberg_icon_type":"","sfsi_plus_gutenberg_icon_alignemt":"","sfsi_plus_gutenburg_max_per_row":"","footnotes":""},"categories":[11],"tags":[],"class_list":["post-126854","post","type-post","status-publish","format-standard","has-post-thumbnail","hentry","category-politica"],"_links":{"self":[{"href":"https:\/\/www.caririemacao.com\/1\/wp-json\/wp\/v2\/posts\/126854","targetHints":{"allow":["GET"]}}],"collection":[{"href":"https:\/\/www.caririemacao.com\/1\/wp-json\/wp\/v2\/posts"}],"about":[{"href":"https:\/\/www.caririemacao.com\/1\/wp-json\/wp\/v2\/types\/post"}],"author":[{"embeddable":true,"href":"https:\/\/www.caririemacao.com\/1\/wp-json\/wp\/v2\/users\/1"}],"replies":[{"embeddable":true,"href":"https:\/\/www.caririemacao.com\/1\/wp-json\/wp\/v2\/comments?post=126854"}],"version-history":[{"count":1,"href":"https:\/\/www.caririemacao.com\/1\/wp-json\/wp\/v2\/posts\/126854\/revisions"}],"predecessor-version":[{"id":126856,"href":"https:\/\/www.caririemacao.com\/1\/wp-json\/wp\/v2\/posts\/126854\/revisions\/126856"}],"wp:featuredmedia":[{"embeddable":true,"href":"https:\/\/www.caririemacao.com\/1\/wp-json\/wp\/v2\/media\/126855"}],"wp:attachment":[{"href":"https:\/\/www.caririemacao.com\/1\/wp-json\/wp\/v2\/media?parent=126854"}],"wp:term":[{"taxonomy":"category","embeddable":true,"href":"https:\/\/www.caririemacao.com\/1\/wp-json\/wp\/v2\/categories?post=126854"},{"taxonomy":"post_tag","embeddable":true,"href":"https:\/\/www.caririemacao.com\/1\/wp-json\/wp\/v2\/tags?post=126854"}],"curies":[{"name":"wp","href":"https:\/\/api.w.org\/{rel}","templated":true}]}}