{"id":126861,"date":"2019-10-15T13:50:27","date_gmt":"2019-10-15T16:50:27","guid":{"rendered":"http:\/\/www.caririemacao.com\/1\/?p=126861"},"modified":"2019-10-15T13:50:27","modified_gmt":"2019-10-15T16:50:27","slug":"prefeitura-de-sume-e-unicir-firmam-parceria-para-a-realizacao-de-atividades-fisicas-orientadas","status":"publish","type":"post","link":"https:\/\/www.caririemacao.com\/1\/2019\/10\/15\/prefeitura-de-sume-e-unicir-firmam-parceria-para-a-realizacao-de-atividades-fisicas-orientadas\/","title":{"rendered":"Prefeitura de Sum\u00e9 e Unicir firmam parceria para a realiza\u00e7\u00e3o de atividades f\u00edsicas orientadas"},"content":{"rendered":"\n<p>A Prefeitura de Sum\u00e9 est\u00e1 realizando a reforma do Est\u00e1dio Municipal Jos\u00e9 Jacinto \u2013 O Jacint\u00e3o, uma das a\u00e7\u00f5es j\u00e1 realizadas no local foi a recupera\u00e7\u00e3o da pista de atletismo, onde v\u00e1rios sumeenses j\u00e1 est\u00e3o fazendo a pr\u00e1tica da caminhada pela manh\u00e3 e \u00e0 tarde.<\/p>\n\n\n\n<p>Pensando na import\u00e2ncia da realiza\u00e7\u00e3o das atividades f\u00edsicas orientadas, a Prefeitura firmou parceria com a Universidade do Cariri (Unicir) e a partir desta quarta-feira (16\/10), os alunos do curso de Educa\u00e7\u00e3o F\u00edsica da Unicir estar\u00e3o no Jacint\u00e3o promovendo atividades f\u00edsicas orientadas.<\/p>\n\n\n\n<p>Atrav\u00e9s do projeto \u201cEst\u00e1dio do Bem Estar\u201d, as orienta\u00e7\u00f5es ser\u00e3o realizadas \u00e0s quartas-feiras das 05h30 \u00e0s 06h30 para as pessoas que usam o espa\u00e7o para a pr\u00e1tica de atividades.<\/p>\n\n\n\n<p>De acordo com o coordenador do curso de Educa\u00e7\u00e3o F\u00edsica, Davi Mota,<br>\u201cInicialmente as orienta\u00e7\u00f5es ser\u00e3o realizadas uma vez por semana, mas dependendo da demanda poder\u00e1 ser ampliada, visando auxiliar as pessoas que est\u00e3o em busca de sa\u00fade atrav\u00e9s de atividades f\u00edsicas\u201d, ressaltou Davi.<\/p>\n\n\n\n<p>Ascom\/PMS<\/p>\n","protected":false},"excerpt":{"rendered":"<p>A Prefeitura de Sum\u00e9 est\u00e1 realizando a reforma do Est\u00e1dio Municipal Jos\u00e9 Jacinto \u2013 O Jacint\u00e3o, uma das a\u00e7\u00f5es j\u00e1 realizadas no local foi a&hellip; <\/p>\n","protected":false},"author":1,"featured_media":126862,"comment_status":"closed","ping_status":"closed","sticky":false,"template":"","format":"standard","meta":{"sfsi_plus_gutenberg_text_before_share":"","sfsi_plus_gutenberg_show_text_before_share":"","sfsi_plus_gutenberg_icon_type":"","sfsi_plus_gutenberg_icon_alignemt":"","sfsi_plus_gutenburg_max_per_row":"","footnotes":""},"categories":[2],"tags":[],"class_list":["post-126861","post","type-post","status-publish","format-standard","has-post-thumbnail","hentry","category-geral"],"_links":{"self":[{"href":"https:\/\/www.caririemacao.com\/1\/wp-json\/wp\/v2\/posts\/126861","targetHints":{"allow":["GET"]}}],"collection":[{"href":"https:\/\/www.caririemacao.com\/1\/wp-json\/wp\/v2\/posts"}],"about":[{"href":"https:\/\/www.caririemacao.com\/1\/wp-json\/wp\/v2\/types\/post"}],"author":[{"embeddable":true,"href":"https:\/\/www.caririemacao.com\/1\/wp-json\/wp\/v2\/users\/1"}],"replies":[{"embeddable":true,"href":"https:\/\/www.caririemacao.com\/1\/wp-json\/wp\/v2\/comments?post=126861"}],"version-history":[{"count":1,"href":"https:\/\/www.caririemacao.com\/1\/wp-json\/wp\/v2\/posts\/126861\/revisions"}],"predecessor-version":[{"id":126863,"href":"https:\/\/www.caririemacao.com\/1\/wp-json\/wp\/v2\/posts\/126861\/revisions\/126863"}],"wp:featuredmedia":[{"embeddable":true,"href":"https:\/\/www.caririemacao.com\/1\/wp-json\/wp\/v2\/media\/126862"}],"wp:attachment":[{"href":"https:\/\/www.caririemacao.com\/1\/wp-json\/wp\/v2\/media?parent=126861"}],"wp:term":[{"taxonomy":"category","embeddable":true,"href":"https:\/\/www.caririemacao.com\/1\/wp-json\/wp\/v2\/categories?post=126861"},{"taxonomy":"post_tag","embeddable":true,"href":"https:\/\/www.caririemacao.com\/1\/wp-json\/wp\/v2\/tags?post=126861"}],"curies":[{"name":"wp","href":"https:\/\/api.w.org\/{rel}","templated":true}]}}