{"id":126865,"date":"2019-10-15T13:52:35","date_gmt":"2019-10-15T16:52:35","guid":{"rendered":"http:\/\/www.caririemacao.com\/1\/?p=126865"},"modified":"2019-10-15T13:52:35","modified_gmt":"2019-10-15T16:52:35","slug":"adolescente-de-16-anos-e-morta-com-facada-no-peito-pelo-ex-namorado-no-sertao-da-pb","status":"publish","type":"post","link":"https:\/\/www.caririemacao.com\/1\/2019\/10\/15\/adolescente-de-16-anos-e-morta-com-facada-no-peito-pelo-ex-namorado-no-sertao-da-pb\/","title":{"rendered":"Adolescente de 16 anos \u00e9 morta com facada no peito pelo ex-namorado no Sert\u00e3o da PB"},"content":{"rendered":"\n<p>Uma adolescente de 16 anos, identificada por Vanessa Santos, foi v\u00edtima de feminic\u00eddio ao ser assassinada com um golpe de faca no peito na tarde desta segunda-feira(14), desferido pelo ex-namorado, no mun\u00edcio de Teixeira, no Sert\u00e3o da Para\u00edba.<\/p>\n\n\n\n<p>De acordo com as primeiras informa\u00e7\u00f5es, a v\u00edtima estava em frente a sua resid\u00eancia quando o jovem inconformado com o fim do relacionamento chegou \u00e0 p\u00e9 e desferiu o golpe com faca peixeira que atingiu o peito da adolescente. Ainda segundo informa\u00e7\u00f5es, ele se evadiu do local a p\u00e9 mas logo pegou uma carona em uma motocicleta que passava pelas imedia\u00e7\u00f5es.<\/p>\n\n\n\n<p>O Servi\u00e7o de Atendimento M\u00f3vel e Urg\u00eancia (SAMU) foi acionado e esteve no local prestando os primeiros socorros a Vanessa, mas a jovem acabou n\u00e3o resistindo aos ferimentos e veio a \u00f3bito.<\/p>\n\n\n\n<p>As guarni\u00e7\u00f5es est\u00e3o em dilig\u00eancias na cidade de Teixeira e em toda&nbsp;a zona rural, pois de acordo com informa\u00e7\u00f5es o autor do fato teria fugido para a zona rural.<\/p>\n\n\n\n<p><em>Informa\u00e7\u00f5es de Vitinho Galdino e Heleno Lima<\/em><\/p>\n","protected":false},"excerpt":{"rendered":"<p>Uma adolescente de 16 anos, identificada por Vanessa Santos, foi v\u00edtima de feminic\u00eddio ao ser assassinada com um golpe de faca no peito na tarde&hellip; <\/p>\n","protected":false},"author":1,"featured_media":126866,"comment_status":"closed","ping_status":"closed","sticky":false,"template":"","format":"standard","meta":{"sfsi_plus_gutenberg_text_before_share":"","sfsi_plus_gutenberg_show_text_before_share":"","sfsi_plus_gutenberg_icon_type":"","sfsi_plus_gutenberg_icon_alignemt":"","sfsi_plus_gutenburg_max_per_row":"","footnotes":""},"categories":[12],"tags":[],"class_list":["post-126865","post","type-post","status-publish","format-standard","has-post-thumbnail","hentry","category-policia"],"_links":{"self":[{"href":"https:\/\/www.caririemacao.com\/1\/wp-json\/wp\/v2\/posts\/126865","targetHints":{"allow":["GET"]}}],"collection":[{"href":"https:\/\/www.caririemacao.com\/1\/wp-json\/wp\/v2\/posts"}],"about":[{"href":"https:\/\/www.caririemacao.com\/1\/wp-json\/wp\/v2\/types\/post"}],"author":[{"embeddable":true,"href":"https:\/\/www.caririemacao.com\/1\/wp-json\/wp\/v2\/users\/1"}],"replies":[{"embeddable":true,"href":"https:\/\/www.caririemacao.com\/1\/wp-json\/wp\/v2\/comments?post=126865"}],"version-history":[{"count":1,"href":"https:\/\/www.caririemacao.com\/1\/wp-json\/wp\/v2\/posts\/126865\/revisions"}],"predecessor-version":[{"id":126867,"href":"https:\/\/www.caririemacao.com\/1\/wp-json\/wp\/v2\/posts\/126865\/revisions\/126867"}],"wp:featuredmedia":[{"embeddable":true,"href":"https:\/\/www.caririemacao.com\/1\/wp-json\/wp\/v2\/media\/126866"}],"wp:attachment":[{"href":"https:\/\/www.caririemacao.com\/1\/wp-json\/wp\/v2\/media?parent=126865"}],"wp:term":[{"taxonomy":"category","embeddable":true,"href":"https:\/\/www.caririemacao.com\/1\/wp-json\/wp\/v2\/categories?post=126865"},{"taxonomy":"post_tag","embeddable":true,"href":"https:\/\/www.caririemacao.com\/1\/wp-json\/wp\/v2\/tags?post=126865"}],"curies":[{"name":"wp","href":"https:\/\/api.w.org\/{rel}","templated":true}]}}