{"id":126869,"date":"2019-10-15T13:54:56","date_gmt":"2019-10-15T16:54:56","guid":{"rendered":"http:\/\/www.caririemacao.com\/1\/?p=126869"},"modified":"2019-10-15T13:54:56","modified_gmt":"2019-10-15T16:54:56","slug":"prefeita-anna-lorena-emite-nota-parabenizando-os-professores-monteirenses-pelo-seu-dia","status":"publish","type":"post","link":"https:\/\/www.caririemacao.com\/1\/2019\/10\/15\/prefeita-anna-lorena-emite-nota-parabenizando-os-professores-monteirenses-pelo-seu-dia\/","title":{"rendered":"Prefeita Anna Lorena emite nota parabenizando os professores monteirenses pelo seu dia"},"content":{"rendered":"\n<p>A prefeita do munic\u00edpio de Monteiro, Anna Lorena, emitiu na manh\u00e3 desta ter\u00e7a-feira, 15, uma nota onde expressa toda gratid\u00e3o a esta classe que \u00e9 respons\u00e1vel pelo alicerce de uma sociedade.<\/p>\n\n\n\n<p>Confira a nota na \u00edntegra:<\/p>\n\n\n\n<p>Uma das mem\u00f3rias mais marcantes na vida de uma pessoa \u00e9 a vida escolar, e neste pensamento o personagem principal \u00e9 voc\u00ea professor!<\/p>\n\n\n\n<p>Neste Dia do Professor, o que desejamos \u00e9 que ningu\u00e9m perca a lembran\u00e7a de que o mundo n\u00e3o produziria sentidos sem esta important\u00edssima figura, estes seres humanos que faz dos sonhos uma ponte para a realidade, e muitas vezes esta ponte faz a diferen\u00e7a nos caminhos a serem trilhados.<\/p>\n\n\n\n<p>Nossos agradecimentos v\u00e3o al\u00e9m dos parab\u00e9ns, n\u00e3o s\u00f3 pelo dia de hoje, mas pela sua escolha em dividir seus conhecimentos e contribuir para a forma\u00e7\u00e3o de mentes determinadas. Nosso desejo \u00e9 que cada um de voc\u00eas que abra\u00e7ou esta jornada atrav\u00e9s de um dom divino, tenham seus esfor\u00e7os e trabalhos reconhecidos com o m\u00e9rito devido, e que transmitir, dividir, mediar conhecimentos, n\u00e3o seja a \u00fanica bandeira a ser hasteada, mas a bandeira da cumplicidade, da interatividade com seu aluno, ajudando-o a construir o pensamento cr\u00edtico, em um gesto de generosidade, humanidade e amor.<\/p>\n\n\n\n<p>Falo por cada monteirense hoje desejando a realiza\u00e7\u00e3o e felicidade que pessoas que dedicam suas vidas a milhares merecem, pois em suas matem\u00e1ticas de vida, dividir \u00e9 sempre a melhor solu\u00e7\u00e3o.<\/p>\n\n\n\n<p>Desejamos a todos voc\u00eas que fazem de sua nobre arte o alicerce para um mundo cada vez melhor, cada sorriso de conquista motivado por voc\u00eas, desejamos a alegria daquele que consegue juntar letras e formar palavras o mesmo sentimento. E acima de tudo agradecemos!<\/p>\n","protected":false},"excerpt":{"rendered":"<p>A prefeita do munic\u00edpio de Monteiro, Anna Lorena, emitiu na manh\u00e3 desta ter\u00e7a-feira, 15, uma nota onde expressa toda gratid\u00e3o a esta classe que \u00e9&hellip; <\/p>\n","protected":false},"author":1,"featured_media":126870,"comment_status":"closed","ping_status":"closed","sticky":false,"template":"","format":"standard","meta":{"sfsi_plus_gutenberg_text_before_share":"","sfsi_plus_gutenberg_show_text_before_share":"","sfsi_plus_gutenberg_icon_type":"","sfsi_plus_gutenberg_icon_alignemt":"","sfsi_plus_gutenburg_max_per_row":"","footnotes":""},"categories":[2],"tags":[],"class_list":["post-126869","post","type-post","status-publish","format-standard","has-post-thumbnail","hentry","category-geral"],"_links":{"self":[{"href":"https:\/\/www.caririemacao.com\/1\/wp-json\/wp\/v2\/posts\/126869","targetHints":{"allow":["GET"]}}],"collection":[{"href":"https:\/\/www.caririemacao.com\/1\/wp-json\/wp\/v2\/posts"}],"about":[{"href":"https:\/\/www.caririemacao.com\/1\/wp-json\/wp\/v2\/types\/post"}],"author":[{"embeddable":true,"href":"https:\/\/www.caririemacao.com\/1\/wp-json\/wp\/v2\/users\/1"}],"replies":[{"embeddable":true,"href":"https:\/\/www.caririemacao.com\/1\/wp-json\/wp\/v2\/comments?post=126869"}],"version-history":[{"count":1,"href":"https:\/\/www.caririemacao.com\/1\/wp-json\/wp\/v2\/posts\/126869\/revisions"}],"predecessor-version":[{"id":126871,"href":"https:\/\/www.caririemacao.com\/1\/wp-json\/wp\/v2\/posts\/126869\/revisions\/126871"}],"wp:featuredmedia":[{"embeddable":true,"href":"https:\/\/www.caririemacao.com\/1\/wp-json\/wp\/v2\/media\/126870"}],"wp:attachment":[{"href":"https:\/\/www.caririemacao.com\/1\/wp-json\/wp\/v2\/media?parent=126869"}],"wp:term":[{"taxonomy":"category","embeddable":true,"href":"https:\/\/www.caririemacao.com\/1\/wp-json\/wp\/v2\/categories?post=126869"},{"taxonomy":"post_tag","embeddable":true,"href":"https:\/\/www.caririemacao.com\/1\/wp-json\/wp\/v2\/tags?post=126869"}],"curies":[{"name":"wp","href":"https:\/\/api.w.org\/{rel}","templated":true}]}}