{"id":126873,"date":"2019-10-15T13:57:49","date_gmt":"2019-10-15T16:57:49","guid":{"rendered":"http:\/\/www.caririemacao.com\/1\/?p=126873"},"modified":"2019-10-15T13:57:49","modified_gmt":"2019-10-15T16:57:49","slug":"lage-das-mocas-em-monteiro-recebe-circuito-som-nas-pedras-neste-sabado","status":"publish","type":"post","link":"https:\/\/www.caririemacao.com\/1\/2019\/10\/15\/lage-das-mocas-em-monteiro-recebe-circuito-som-nas-pedras-neste-sabado\/","title":{"rendered":"Lage das Mo\u00e7as, em Monteiro, recebe Circuito Som nas Pedras neste s\u00e1bado"},"content":{"rendered":"\n<p>A Lage das Mo\u00e7as, em Monteiro, \u00e9 um local com uma vis\u00e3o privilegiada e com grandes hist\u00f3rias; est\u00e1 incrustado no Complexo Tur\u00edstico Zab\u00e9 da Loca, na comunidade de Santa Catarina na zona rural da cidade. Por estas possibilidades o local vai receber, a partir das 18h deste s\u00e1bado (19), o Circuito Som nas Pedras.<\/p>\n\n\n\n<p>A apresenta\u00e7\u00e3o de abertura vai ser do Grupo Black Art, que tem 30 componentes e coreografias de ritmos como xaxado, ciranda e forr\u00f3 entre outros. O Projeto Prima tamb\u00e9m est\u00e1 inserido na abertura do evento, al\u00e9m das apresenta\u00e7\u00f5es da Orquestra Sanf\u00f4nica da UEPB, Campus VI, do m\u00fasico Pinto de Monteiro, o Grupo de Mazurca, P\u00edfe Perfumado, Bibi Sax e a Groove da Gota.<\/p>\n\n\n\n<p>\u201cO nosso Som nas Pedras cresceu e ganhou a Para\u00edba. \u00c9 mais um produto de sucesso exportado do cora\u00e7\u00e3o do Cariri para as demais regi\u00f5es. Monteiro \u00e9 o ber\u00e7o desta ideia que ganhou corpo e alma, onde nos reunimos no friozinho da serra ao lado dos amigos para curtir a beleza do nosso c\u00e9u estrelado e claro, com m\u00fasica de qualidade. Nosso orgulho \u00e9 imenso e estejam todos convidados para prestigiar essa legi\u00e3o de nomes da nossa terra\u201d, comenta a prefeita de Monteiro, Anna Lorena. Assista ao v\u00eddeo produzido pela prefeitura e dispon\u00edvel na Internet: encurtador.com.br\/cuzX7<\/p>\n\n\n\n<p>Som nas Pedras \u2013 O primeiro evento teve in\u00edcio em 2012, e contou com a participa\u00e7\u00e3o do poeta Pedro Soares, de Jo\u00e3o Pessoa, recitando poesias. Nas edi\u00e7\u00f5es seguintes se apresentaram o poeta popular Espedito de Mocinha, Carrim da Prata e Z\u00e9 Jabitac\u00e1 \u2013 dois cantadores do Cariri, a cantora Sandra Bel\u00ea, o projeto ACordaOSopro \u2013 com o mineiro Marcelo Fonseca e o baiano Rodrigo Sestrem, Ilmar Cavalcante, Osmando Silva, Lucas Carvalho, Ju Vieira e Neguinho de Arcoverde, entre tantos outros.<\/p>\n\n\n\n<p>De acordo com o secret\u00e1rio executivo de Estado da Cultura, Milton Dornellas, o Circuito Som nas Pedras busca fortalecer as potencialidades econ\u00f4micas dos munic\u00edpios a partir da promo\u00e7\u00e3o cultural. \u201cS\u00e3o munic\u00edpios de grandes belezas naturais, como um p\u00f4r-do-sol lindo, e uma cadeia produtiva muito bem estruturada. \u00c9 preciso desenvolver todo o potencial que esses munic\u00edpios t\u00eam, e esse apoio ser\u00e1 dado pelo Governo do Estado\u201d, explicou.<\/p>\n\n\n\n<p>O Circuito Som nas Pedras \u00e9 uma realiza\u00e7\u00e3o de empreendedores do setor tur\u00edstico local, juntamente com a prefeitura municipal, com a correaliza\u00e7\u00e3o do Governo do Estado da Para\u00edba, por interm\u00e9dio da Secretaria de Estado da Cultura, em parceria com o Sebrae-PB, a Secretaria de Estado da Comunica\u00e7\u00e3o, a Empresa Paraibana de Turismo (PBTur) e a Empresa Paraibana de Comunica\u00e7\u00e3o (EPC), atrav\u00e9s da R\u00e1dio Tabajara e do Jornal A Uni\u00e3o.<br><\/p>\n","protected":false},"excerpt":{"rendered":"<p>A Lage das Mo\u00e7as, em Monteiro, \u00e9 um local com uma vis\u00e3o privilegiada e com grandes hist\u00f3rias; est\u00e1 incrustado no Complexo Tur\u00edstico Zab\u00e9 da Loca,&hellip; <\/p>\n","protected":false},"author":1,"featured_media":126874,"comment_status":"closed","ping_status":"closed","sticky":false,"template":"","format":"standard","meta":{"sfsi_plus_gutenberg_text_before_share":"","sfsi_plus_gutenberg_show_text_before_share":"","sfsi_plus_gutenberg_icon_type":"","sfsi_plus_gutenberg_icon_alignemt":"","sfsi_plus_gutenburg_max_per_row":"","footnotes":""},"categories":[2],"tags":[],"class_list":["post-126873","post","type-post","status-publish","format-standard","has-post-thumbnail","hentry","category-geral"],"_links":{"self":[{"href":"https:\/\/www.caririemacao.com\/1\/wp-json\/wp\/v2\/posts\/126873","targetHints":{"allow":["GET"]}}],"collection":[{"href":"https:\/\/www.caririemacao.com\/1\/wp-json\/wp\/v2\/posts"}],"about":[{"href":"https:\/\/www.caririemacao.com\/1\/wp-json\/wp\/v2\/types\/post"}],"author":[{"embeddable":true,"href":"https:\/\/www.caririemacao.com\/1\/wp-json\/wp\/v2\/users\/1"}],"replies":[{"embeddable":true,"href":"https:\/\/www.caririemacao.com\/1\/wp-json\/wp\/v2\/comments?post=126873"}],"version-history":[{"count":1,"href":"https:\/\/www.caririemacao.com\/1\/wp-json\/wp\/v2\/posts\/126873\/revisions"}],"predecessor-version":[{"id":126875,"href":"https:\/\/www.caririemacao.com\/1\/wp-json\/wp\/v2\/posts\/126873\/revisions\/126875"}],"wp:featuredmedia":[{"embeddable":true,"href":"https:\/\/www.caririemacao.com\/1\/wp-json\/wp\/v2\/media\/126874"}],"wp:attachment":[{"href":"https:\/\/www.caririemacao.com\/1\/wp-json\/wp\/v2\/media?parent=126873"}],"wp:term":[{"taxonomy":"category","embeddable":true,"href":"https:\/\/www.caririemacao.com\/1\/wp-json\/wp\/v2\/categories?post=126873"},{"taxonomy":"post_tag","embeddable":true,"href":"https:\/\/www.caririemacao.com\/1\/wp-json\/wp\/v2\/tags?post=126873"}],"curies":[{"name":"wp","href":"https:\/\/api.w.org\/{rel}","templated":true}]}}