{"id":126878,"date":"2019-10-15T14:01:11","date_gmt":"2019-10-15T17:01:11","guid":{"rendered":"http:\/\/www.caririemacao.com\/1\/?p=126878"},"modified":"2019-10-15T14:01:11","modified_gmt":"2019-10-15T17:01:11","slug":"prefeitura-de-monteiro-conclui-primeira-etapa-da-implantacao-de-lampadas-de-led","status":"publish","type":"post","link":"https:\/\/www.caririemacao.com\/1\/2019\/10\/15\/prefeitura-de-monteiro-conclui-primeira-etapa-da-implantacao-de-lampadas-de-led\/","title":{"rendered":"Prefeitura de Monteiro conclui primeira etapa da implanta\u00e7\u00e3o de l\u00e2mpadas de LED"},"content":{"rendered":"\n<p>A Prefeitura de Monteiro finalizou no in\u00edcio deste m\u00eas de outubro a primeira etapa referente ao servi\u00e7o de troca do sistema de ilumina\u00e7\u00e3o p\u00fablica no munic\u00edpio. A substitui\u00e7\u00e3o das l\u00e2mpadas de vapor de s\u00f3dio pelas l\u00e2mpadas de LED foi iniciada em setembro.<\/p>\n\n\n\n<p>A a\u00e7\u00e3o faz parte das metas econ\u00f4micas para a cidade, e neste sentido a Secretaria de Infraestrutura optou pelas l\u00e2mpadas de LED que s\u00e3o mais econ\u00f4micas e contam com um maior poder de ilumina\u00e7\u00e3o, sendo ao todo 330 pontos favorecidos com a troca da ilumina\u00e7\u00e3o em diversos pontos da cidade.<\/p>\n\n\n\n<p>De acordo com a prefeita Anna Lorena, o projeto alia o equil\u00edbrio ambiental e sa\u00fade financeira do munic\u00edpio e principalmente do cidad\u00e3o, visando tamb\u00e9m a melhoria da qualidade de vida da popula\u00e7\u00e3o, gerando mais seguran\u00e7a.<\/p>\n\n\n\n<p>\u201cAl\u00e9m de embelezar pontos de nossa cidade a economia ser\u00e1 de 366,46 MWh\/ano (Megawatt-hora). Foram substitu\u00eddas 71 l\u00e2mpadas de 80W e 259 de 100W e o melhor de tudo \u00e9 que o produto tem uma garantia, que \u00e9 outra forma de economia para o munic\u00edpio. A popula\u00e7\u00e3o j\u00e1 sente a diferen\u00e7a. A boa not\u00edcia \u00e9 que no in\u00edcio de 2020 realizaremos mais uma etapa de troca\u201d, informa a gestora.<\/p>\n\n\n\n<div class=\"wp-block-image\"><figure class=\"alignleft\"><img decoding=\"async\" data-src=\"https:\/\/i1.wp.com\/www.vitrinedocariri.com.br\/wp-content\/uploads\/2019\/10\/003-15.jpeg?resize=300%2C199&amp;ssl=1\" alt=\"\" class=\"wp-image-55318 lazyload\" src=\"data:image\/svg+xml;base64,PHN2ZyB3aWR0aD0iMSIgaGVpZ2h0PSIxIiB4bWxucz0iaHR0cDovL3d3dy53My5vcmcvMjAwMC9zdmciPjwvc3ZnPg==\" \/><\/figure><\/div>\n\n\n\n<p><strong>Confira os pontos onde houveram as trocas:<\/strong><br>BR 412 e BR 110 \u2013 Pra\u00e7a da Saudade \u2013 Rua Cel. Francisco C\u00e2ndido \u2013 Rua Darc\u00edlio Gomes Rafael \u2013 Rua Dep. Rafael Sales \u2013 Rua Des. Feitosa Ventura \u2013 Rua Epit\u00e1cio Leal \u2013 Rua Gilverson Ara\u00fajo \u2013 Rua Leopoldino Jos\u00e9 da Silva \u2013 Rua Nestor Bezerra \u2013 Rua N. Sra. Do Carmo \u2013 Rua Pres. Get\u00falio Vargas \u2013 Rua Prof.\u00aa. Ant\u00f4nia Rodrigues \u2013 Rua Prof.\u00aa M\u00aa da Salete \u2013 Rua Severino Ramos de Vasconcelos \u2013 Rua Sizenando Rafael \u2013 Rua Tobias Rem\u00edgio Gomes \u2013 Rua Wandemilson B. de Carvalho e vias principais: Rua Manoel Joaquim \u2013 Rua Cel. Jo\u00e3o Santa Cruz \u2013 Rua Jos\u00e9 Galdino.<\/p>\n","protected":false},"excerpt":{"rendered":"<p>A Prefeitura de Monteiro finalizou no in\u00edcio deste m\u00eas de outubro a primeira etapa referente ao servi\u00e7o de troca do sistema de ilumina\u00e7\u00e3o p\u00fablica no&hellip; <\/p>\n","protected":false},"author":1,"featured_media":126879,"comment_status":"closed","ping_status":"closed","sticky":false,"template":"","format":"standard","meta":{"sfsi_plus_gutenberg_text_before_share":"","sfsi_plus_gutenberg_show_text_before_share":"","sfsi_plus_gutenberg_icon_type":"","sfsi_plus_gutenberg_icon_alignemt":"","sfsi_plus_gutenburg_max_per_row":"","footnotes":""},"categories":[50,2],"tags":[],"class_list":["post-126878","post","type-post","status-publish","format-standard","has-post-thumbnail","hentry","category-destaque","category-geral"],"_links":{"self":[{"href":"https:\/\/www.caririemacao.com\/1\/wp-json\/wp\/v2\/posts\/126878","targetHints":{"allow":["GET"]}}],"collection":[{"href":"https:\/\/www.caririemacao.com\/1\/wp-json\/wp\/v2\/posts"}],"about":[{"href":"https:\/\/www.caririemacao.com\/1\/wp-json\/wp\/v2\/types\/post"}],"author":[{"embeddable":true,"href":"https:\/\/www.caririemacao.com\/1\/wp-json\/wp\/v2\/users\/1"}],"replies":[{"embeddable":true,"href":"https:\/\/www.caririemacao.com\/1\/wp-json\/wp\/v2\/comments?post=126878"}],"version-history":[{"count":1,"href":"https:\/\/www.caririemacao.com\/1\/wp-json\/wp\/v2\/posts\/126878\/revisions"}],"predecessor-version":[{"id":126880,"href":"https:\/\/www.caririemacao.com\/1\/wp-json\/wp\/v2\/posts\/126878\/revisions\/126880"}],"wp:featuredmedia":[{"embeddable":true,"href":"https:\/\/www.caririemacao.com\/1\/wp-json\/wp\/v2\/media\/126879"}],"wp:attachment":[{"href":"https:\/\/www.caririemacao.com\/1\/wp-json\/wp\/v2\/media?parent=126878"}],"wp:term":[{"taxonomy":"category","embeddable":true,"href":"https:\/\/www.caririemacao.com\/1\/wp-json\/wp\/v2\/categories?post=126878"},{"taxonomy":"post_tag","embeddable":true,"href":"https:\/\/www.caririemacao.com\/1\/wp-json\/wp\/v2\/tags?post=126878"}],"curies":[{"name":"wp","href":"https:\/\/api.w.org\/{rel}","templated":true}]}}