{"id":126882,"date":"2019-10-15T14:07:14","date_gmt":"2019-10-15T17:07:14","guid":{"rendered":"http:\/\/www.caririemacao.com\/1\/?p=126882"},"modified":"2019-10-15T14:07:14","modified_gmt":"2019-10-15T17:07:14","slug":"sao-sebastiao-do-umbuzeiro-e-o-primeiro-municipio-da-paraiba-a-desativar-lixao","status":"publish","type":"post","link":"https:\/\/www.caririemacao.com\/1\/2019\/10\/15\/sao-sebastiao-do-umbuzeiro-e-o-primeiro-municipio-da-paraiba-a-desativar-lixao\/","title":{"rendered":"S\u00e3o Sebasti\u00e3o do Umbuzeiro \u00e9 o primeiro munic\u00edpio da Para\u00edba a desativar \u2018lix\u00e3o\u2019"},"content":{"rendered":"\n<p>O munic\u00edpio de S\u00e3o Sebasti\u00e3o do Umbuzeiro, no Cariri Paraibano, se tornou o primeiro munic\u00edpio do estado da Para\u00edba a fazer o encerramento do lix\u00e3o municipal, em defesa do meio ambiente e cumprindo a legisla\u00e7\u00e3o vigente. O fechamento aconteceu na manh\u00e3 desta ter\u00e7a-feira (15), durante solenidade em frente ao antigo lix\u00e3o.<\/p>\n\n\n\n<p>A solenidade contou com a presen\u00e7a do Prefeito Adriano Wolff, do vice-prefeito Chico Mariano, do Procurador-Geral de Justi\u00e7a da Para\u00edba, Dr. Francisco Ser\u00e1phico, promotores de justi\u00e7a, diretor-executivo da FAMUP, Pedro Dantas, Secret\u00e1rio de Finan\u00e7as de S\u00e3o Jo\u00e3o do Tigre, M\u00e1rcio Leite, vereadores, lideran\u00e7as locais e popula\u00e7\u00e3o local.<\/p>\n\n\n\n<p>O Procurador Geral de Justi\u00e7a, Francisco Ser\u00e1phico parabenizou o prefeito Adriano Wolff por essa importante a\u00e7\u00e3o que \u00e9 encerrar um lix\u00e3o, e que mesmo antes do Minist\u00e9rio P\u00fablico propor o encerramento dos lix\u00f5es na Para\u00edba, o munic\u00edpio de S\u00e3o Sebasti\u00e3o do Umbuzeiro j\u00e1 est\u00e1 realizando isso, al\u00e9m de iniciar em breve a recupera\u00e7\u00e3o da \u00e1rea degradada.<\/p>\n\n\n\n<p>Em sua fala, o prefeito Adriano Wolff destacou que o fechamento do lix\u00e3o al\u00e9m de garantir um meio ambiente mais equilibrado, contribui com a melhoria de vida da popula\u00e7\u00e3o, e \u00e9 de muito orgulho saber que o munic\u00edpio \u00e9 o primeiro do Estado a tomar essa atitude, j\u00e1 h\u00e1 cinco meses, que foi o encerramento do lix\u00e3o municipal.<\/p>\n\n\n\n<p>O Minist\u00e9rio P\u00fablico da Para\u00edba utilizar\u00e1 o encerramento do lix\u00e3o de S\u00e3o Sebasti\u00e3o do Umbuzeiro como exemplo para que outros munic\u00edpios da Para\u00edba tamb\u00e9m adotem essa medida, visando a melhoria do meio ambiente.<\/p>\n\n\n\n<p>Em maio deste ano, a Prefeitura de S\u00e3o Sebasti\u00e3o do Umbuzeiro firmou um conv\u00eanio com a Prefeitura de Arcoverde\/PE, para o enviar do lixo da cidade para o aterro sanit\u00e1rio de Arcoverde, dessa forma, desativando o lix\u00e3o do munic\u00edpio.<br><\/p>\n","protected":false},"excerpt":{"rendered":"<p>O munic\u00edpio de S\u00e3o Sebasti\u00e3o do Umbuzeiro, no Cariri Paraibano, se tornou o primeiro munic\u00edpio do estado da Para\u00edba a fazer o encerramento do lix\u00e3o&hellip; <\/p>\n","protected":false},"author":1,"featured_media":126883,"comment_status":"closed","ping_status":"closed","sticky":false,"template":"","format":"standard","meta":{"sfsi_plus_gutenberg_text_before_share":"","sfsi_plus_gutenberg_show_text_before_share":"","sfsi_plus_gutenberg_icon_type":"","sfsi_plus_gutenberg_icon_alignemt":"","sfsi_plus_gutenburg_max_per_row":"","footnotes":""},"categories":[2],"tags":[],"class_list":["post-126882","post","type-post","status-publish","format-standard","has-post-thumbnail","hentry","category-geral"],"_links":{"self":[{"href":"https:\/\/www.caririemacao.com\/1\/wp-json\/wp\/v2\/posts\/126882","targetHints":{"allow":["GET"]}}],"collection":[{"href":"https:\/\/www.caririemacao.com\/1\/wp-json\/wp\/v2\/posts"}],"about":[{"href":"https:\/\/www.caririemacao.com\/1\/wp-json\/wp\/v2\/types\/post"}],"author":[{"embeddable":true,"href":"https:\/\/www.caririemacao.com\/1\/wp-json\/wp\/v2\/users\/1"}],"replies":[{"embeddable":true,"href":"https:\/\/www.caririemacao.com\/1\/wp-json\/wp\/v2\/comments?post=126882"}],"version-history":[{"count":1,"href":"https:\/\/www.caririemacao.com\/1\/wp-json\/wp\/v2\/posts\/126882\/revisions"}],"predecessor-version":[{"id":126884,"href":"https:\/\/www.caririemacao.com\/1\/wp-json\/wp\/v2\/posts\/126882\/revisions\/126884"}],"wp:featuredmedia":[{"embeddable":true,"href":"https:\/\/www.caririemacao.com\/1\/wp-json\/wp\/v2\/media\/126883"}],"wp:attachment":[{"href":"https:\/\/www.caririemacao.com\/1\/wp-json\/wp\/v2\/media?parent=126882"}],"wp:term":[{"taxonomy":"category","embeddable":true,"href":"https:\/\/www.caririemacao.com\/1\/wp-json\/wp\/v2\/categories?post=126882"},{"taxonomy":"post_tag","embeddable":true,"href":"https:\/\/www.caririemacao.com\/1\/wp-json\/wp\/v2\/tags?post=126882"}],"curies":[{"name":"wp","href":"https:\/\/api.w.org\/{rel}","templated":true}]}}