{"id":126888,"date":"2019-10-15T14:10:47","date_gmt":"2019-10-15T17:10:47","guid":{"rendered":"http:\/\/www.caririemacao.com\/1\/?p=126888"},"modified":"2019-10-15T14:10:47","modified_gmt":"2019-10-15T17:10:47","slug":"prefeitura-de-sao-jose-dos-cordeiros-intensifica-acoes-em-parceria-com-estado","status":"publish","type":"post","link":"https:\/\/www.caririemacao.com\/1\/2019\/10\/15\/prefeitura-de-sao-jose-dos-cordeiros-intensifica-acoes-em-parceria-com-estado\/","title":{"rendered":"Prefeitura de S\u00e3o Jos\u00e9 dos Cordeiros intensifica a\u00e7\u00f5es em parceria com Estado"},"content":{"rendered":"\n<p>O prefeito Jefferson Roberto acompanhou de perto duas a\u00e7\u00f5es realizadas pela gest\u00e3o municipal em parceria com o Governo do Estado. Apenas nos \u00faltimos dias o Estado iniciou a perfura\u00e7\u00e3o de 6 po\u00e7os artesianos e a constru\u00e7\u00e3o de um sistema de dessaliniza\u00e7\u00e3o na comunidade do Sim\u00e3o Lopes.<\/p>\n\n\n\n<p>Inicialmente, atrav\u00e9s da Secretaria de Recursos H\u00eddricos, a gest\u00e3o do prefeito Jefferson Roberto conseguiu destravar e recuperar um projeto antigo, que previa a perfura\u00e7\u00e3o de po\u00e7os nas comunidades de Perico, Retiro, Algod\u00e3o, Jo\u00e3o Ferreira e Brito. O prefeito Jefferson Roberto agradeceu inclusive o empenho do deputado estadual Adriano Galdino para destravar o projeto.<\/p>\n\n\n\n<p>J\u00e1 na \u00faltima sexta-feira (11), o gestor esteve visitando as obras de constru\u00e7\u00e3o do dessalinizador vertical, que est\u00e1 sendo constru\u00eddo no s\u00edtio Sim\u00e3o Lopes. A obra \u00e9 uma parceria com o PROCASE e tem um investimento aproximado de R$ 100 mil.<\/p>\n\n\n\n<p>Segundo o prefeito Jefferson Roberto, sua meta ao final do governo \u00e9 deixar toda a zona rural com sistemas de \u00e1gua doce, instalados nas comunidades p\u00f3los e beneficiando toda a popula\u00e7\u00e3o do campo. \u201cNosso compromisso \u00e9 de verdade. Enfrentamos as adversidades, a escassez de recursos, otimizamos os esfor\u00e7os e continuamos firmes no prop\u00f3sito de melhorar a vida de nossa gente\u201d, ressaltou o gestor.<\/p>\n","protected":false},"excerpt":{"rendered":"<p>O prefeito Jefferson Roberto acompanhou de perto duas a\u00e7\u00f5es realizadas pela gest\u00e3o municipal em parceria com o Governo do Estado. Apenas nos \u00faltimos dias o&hellip; <\/p>\n","protected":false},"author":1,"featured_media":126889,"comment_status":"closed","ping_status":"closed","sticky":false,"template":"","format":"standard","meta":{"sfsi_plus_gutenberg_text_before_share":"","sfsi_plus_gutenberg_show_text_before_share":"","sfsi_plus_gutenberg_icon_type":"","sfsi_plus_gutenberg_icon_alignemt":"","sfsi_plus_gutenburg_max_per_row":"","footnotes":""},"categories":[2],"tags":[],"class_list":["post-126888","post","type-post","status-publish","format-standard","has-post-thumbnail","hentry","category-geral"],"_links":{"self":[{"href":"https:\/\/www.caririemacao.com\/1\/wp-json\/wp\/v2\/posts\/126888","targetHints":{"allow":["GET"]}}],"collection":[{"href":"https:\/\/www.caririemacao.com\/1\/wp-json\/wp\/v2\/posts"}],"about":[{"href":"https:\/\/www.caririemacao.com\/1\/wp-json\/wp\/v2\/types\/post"}],"author":[{"embeddable":true,"href":"https:\/\/www.caririemacao.com\/1\/wp-json\/wp\/v2\/users\/1"}],"replies":[{"embeddable":true,"href":"https:\/\/www.caririemacao.com\/1\/wp-json\/wp\/v2\/comments?post=126888"}],"version-history":[{"count":1,"href":"https:\/\/www.caririemacao.com\/1\/wp-json\/wp\/v2\/posts\/126888\/revisions"}],"predecessor-version":[{"id":126890,"href":"https:\/\/www.caririemacao.com\/1\/wp-json\/wp\/v2\/posts\/126888\/revisions\/126890"}],"wp:featuredmedia":[{"embeddable":true,"href":"https:\/\/www.caririemacao.com\/1\/wp-json\/wp\/v2\/media\/126889"}],"wp:attachment":[{"href":"https:\/\/www.caririemacao.com\/1\/wp-json\/wp\/v2\/media?parent=126888"}],"wp:term":[{"taxonomy":"category","embeddable":true,"href":"https:\/\/www.caririemacao.com\/1\/wp-json\/wp\/v2\/categories?post=126888"},{"taxonomy":"post_tag","embeddable":true,"href":"https:\/\/www.caririemacao.com\/1\/wp-json\/wp\/v2\/tags?post=126888"}],"curies":[{"name":"wp","href":"https:\/\/api.w.org\/{rel}","templated":true}]}}