{"id":126891,"date":"2019-10-15T14:42:43","date_gmt":"2019-10-15T17:42:43","guid":{"rendered":"http:\/\/www.caririemacao.com\/1\/?p=126891"},"modified":"2019-10-15T14:42:43","modified_gmt":"2019-10-15T17:42:43","slug":"predio-residencial-desaba-em-bairro-de-classe-media-de-fortaleza","status":"publish","type":"post","link":"https:\/\/www.caririemacao.com\/1\/2019\/10\/15\/predio-residencial-desaba-em-bairro-de-classe-media-de-fortaleza\/","title":{"rendered":"Pr\u00e9dio residencial desaba em bairro de classe m\u00e9dia de Fortaleza"},"content":{"rendered":"\n<p>Um pr\u00e9dio residencial de sete andares localizado na Rua Tib\u00farcio Cavalcante, n\u00ba 24, no Bairro Dion\u00edsio Torres, em Fortaleza, identificado como Edif\u00edcio Andrea, desabou na manh\u00e3 de hoje&nbsp;(15). O Corpo de Bombeiros est\u00e1 com v\u00e1rias equipes na \u00e1rea do desabamento, inclusive com ambul\u00e2ncias.<\/p>\n\n\n\n<p>A prefeitura da capital cearense informou, por meio de sua assessoria de imprensa, que uma equipe da Defesa Civil do munic\u00edpio&nbsp;tamb\u00e9m est\u00e1 no local. A Defesa Civil do Cear\u00e1 confirmou \u00e0&nbsp;<strong>Ag\u00eancia Brasil&nbsp;<\/strong>a morte de uma pessoa. Informa\u00e7\u00f5es n\u00e3o oficiais d\u00e3o conta de que o porteiro do pr\u00e9dio conseguiu escapar.<\/p>\n\n\n\n<p>Dona de um estabelecimento comercial que funciona a cerca de 100 metros do local onde o pr\u00e9dio desabou, Andrea Barbosa de Sousa disse \u00e0&nbsp;<strong>Ag\u00eancia Brasil<\/strong>&nbsp;que o edif\u00edcio era residencial e estava ocupado.<\/p>\n\n\n\n<figure class=\"wp-block-image\"><img decoding=\"async\" data-src=\"http:\/\/imagens.ebc.com.br\/_ltwTivgn4DOOESqioldWZgKBmg=\/754x0\/smart\/http:\/\/agenciabrasil.ebc.com.br\/sites\/default\/files\/thumbnails\/image\/mapa_predio_gearth_0.jpg?itok=M8cEK_SI\" alt=\"Localiza\u00e7\u00e3o do edif\u00edcio que desabou em Fortaleza (CE)\" src=\"data:image\/svg+xml;base64,PHN2ZyB3aWR0aD0iMSIgaGVpZ2h0PSIxIiB4bWxucz0iaHR0cDovL3d3dy53My5vcmcvMjAwMC9zdmciPjwvc3ZnPg==\" class=\"lazyload\" \/><\/figure>\n\n\n\n<h6 class=\"wp-block-heading\">Localiza\u00e7\u00e3o do edif\u00edcio que desabou em Fortaleza &#8211;&nbsp;<strong>Google Earth\u00ae<\/strong><\/h6>\n\n\n\n<p>\u201cS\u00f3 escutei um barulho muito grande. Foi tipo uma explos\u00e3o. Eu sa\u00ed correndo quando vi a nuvem de poeira chegando at\u00e9 aqui, na loja. Sa\u00ed na cal\u00e7ada e n\u00e3o vi quase nada, s\u00f3 algumas pessoas correndo em meio \u00e0 nuvem de poeira\u201d,&nbsp;afirmou a comerciante ao retornar para fechar a loja que havia abandonado e deixado aberta. \u201cOs bombeiros est\u00e3o interditando a rua, pedindo para os vizinhos sa\u00edrem de casa e atendendo a algumas pessoas\u201d, acrescentou Andrea.<\/p>\n\n\n\n<p>Recepcionista de uma&nbsp;<em>pet shop<\/em>&nbsp;que funciona na mesma cal\u00e7ada do Edif\u00edcio Andr\u00e9a, S\u00e1vio Matheus Ferreira de Castro Pinto afirmou que a queda do pr\u00e9dio foi precedida por um barulho que aumentou gradativa e rapidamente, at\u00e9 culminar com um som semelhante ao de uma explos\u00e3o. \u201cAchamos que se tratava de uma batida de carro. S\u00f3 que o barulho foi aumentando e a\u00ed veio a nuvem de poeira. Fechamos as portas e ficamos dentro da loja porque demoramos a entender o que tinha acontecido. N\u00e3o dava para ver nada, s\u00f3 alguns destro\u00e7os espalhados pela rua. Quando sa\u00edmos na cal\u00e7ada j\u00e1 tinha muita gente chorando. Um desespero\u201d, relatou o recepcionista \u00e0&nbsp;<strong>Ag\u00eancia Brasil<\/strong>. De acordo com ele, \u201cmuita gente\u201d morava no condom\u00ednio. \u201cO pr\u00f3prio dono da&nbsp;<em>pet shop<\/em>&nbsp;conhecia um morador\u201d, acrescentou o recepcionista, relatando que o edif\u00edcio \u201cparecia muito velho, a ponto de parecer estar abandonado\u201d.<\/p>\n","protected":false},"excerpt":{"rendered":"<p>Um pr\u00e9dio residencial de sete andares localizado na Rua Tib\u00farcio Cavalcante, n\u00ba 24, no Bairro Dion\u00edsio Torres, em Fortaleza, identificado como Edif\u00edcio Andrea, desabou na&hellip; <\/p>\n","protected":false},"author":1,"featured_media":126893,"comment_status":"closed","ping_status":"closed","sticky":false,"template":"","format":"standard","meta":{"sfsi_plus_gutenberg_text_before_share":"","sfsi_plus_gutenberg_show_text_before_share":"","sfsi_plus_gutenberg_icon_type":"","sfsi_plus_gutenberg_icon_alignemt":"","sfsi_plus_gutenburg_max_per_row":"","footnotes":""},"categories":[2],"tags":[],"class_list":["post-126891","post","type-post","status-publish","format-standard","has-post-thumbnail","hentry","category-geral"],"_links":{"self":[{"href":"https:\/\/www.caririemacao.com\/1\/wp-json\/wp\/v2\/posts\/126891","targetHints":{"allow":["GET"]}}],"collection":[{"href":"https:\/\/www.caririemacao.com\/1\/wp-json\/wp\/v2\/posts"}],"about":[{"href":"https:\/\/www.caririemacao.com\/1\/wp-json\/wp\/v2\/types\/post"}],"author":[{"embeddable":true,"href":"https:\/\/www.caririemacao.com\/1\/wp-json\/wp\/v2\/users\/1"}],"replies":[{"embeddable":true,"href":"https:\/\/www.caririemacao.com\/1\/wp-json\/wp\/v2\/comments?post=126891"}],"version-history":[{"count":1,"href":"https:\/\/www.caririemacao.com\/1\/wp-json\/wp\/v2\/posts\/126891\/revisions"}],"predecessor-version":[{"id":126894,"href":"https:\/\/www.caririemacao.com\/1\/wp-json\/wp\/v2\/posts\/126891\/revisions\/126894"}],"wp:featuredmedia":[{"embeddable":true,"href":"https:\/\/www.caririemacao.com\/1\/wp-json\/wp\/v2\/media\/126893"}],"wp:attachment":[{"href":"https:\/\/www.caririemacao.com\/1\/wp-json\/wp\/v2\/media?parent=126891"}],"wp:term":[{"taxonomy":"category","embeddable":true,"href":"https:\/\/www.caririemacao.com\/1\/wp-json\/wp\/v2\/categories?post=126891"},{"taxonomy":"post_tag","embeddable":true,"href":"https:\/\/www.caririemacao.com\/1\/wp-json\/wp\/v2\/tags?post=126891"}],"curies":[{"name":"wp","href":"https:\/\/api.w.org\/{rel}","templated":true}]}}