{"id":126923,"date":"2019-10-15T23:52:38","date_gmt":"2019-10-16T02:52:38","guid":{"rendered":"http:\/\/www.caririemacao.com\/1\/?p=126923"},"modified":"2019-10-15T23:54:36","modified_gmt":"2019-10-16T02:54:36","slug":"urgente-tentativa-de-homicidio-em-sume-2","status":"publish","type":"post","link":"https:\/\/www.caririemacao.com\/1\/2019\/10\/15\/urgente-tentativa-de-homicidio-em-sume-2\/","title":{"rendered":"URGENTE: Tentativa de homic\u00eddio em Sum\u00e9"},"content":{"rendered":"\n<p>Uma tentativa de homic\u00eddio foi registrada na noite desta\nter\u00e7a-feira, dia 15, no bairro do Alto Alegre, na cidade de Sum\u00e9, no Cariri\nParaibano.<\/p>\n\n\n\n<p>A v\u00edtima \u00e9 o ex-presidi\u00e1rio, conhecido por Caqui, que foi acusado\nde ter matado o homem conhecido por Lulu Pepa que morava pr\u00f3ximo ao cemit\u00e9rio,\nem Sum\u00e9. <\/p>\n\n\n\n<p>Caqui foi atingido com um tiro na perna e foi socorrido para\no Hospital de Sum\u00e9. Ele passa bem. Segundo informa\u00e7\u00f5es, os acusados da\ntentativa de homic\u00eddio s\u00e3o dois homens que estavam em uma moto. Eles deram 02\ntiros e acertaram um.<\/p>\n","protected":false},"excerpt":{"rendered":"<p>Uma tentativa de homic\u00eddio foi registrada na noite desta ter\u00e7a-feira, dia 15, no bairro do Alto Alegre, na cidade de Sum\u00e9, no Cariri Paraibano. A&hellip; <\/p>\n","protected":false},"author":2,"featured_media":126925,"comment_status":"closed","ping_status":"closed","sticky":false,"template":"","format":"standard","meta":{"sfsi_plus_gutenberg_text_before_share":"","sfsi_plus_gutenberg_show_text_before_share":"","sfsi_plus_gutenberg_icon_type":"","sfsi_plus_gutenberg_icon_alignemt":"","sfsi_plus_gutenburg_max_per_row":"","footnotes":""},"categories":[50,12],"tags":[],"class_list":["post-126923","post","type-post","status-publish","format-standard","has-post-thumbnail","hentry","category-destaque","category-policia"],"_links":{"self":[{"href":"https:\/\/www.caririemacao.com\/1\/wp-json\/wp\/v2\/posts\/126923","targetHints":{"allow":["GET"]}}],"collection":[{"href":"https:\/\/www.caririemacao.com\/1\/wp-json\/wp\/v2\/posts"}],"about":[{"href":"https:\/\/www.caririemacao.com\/1\/wp-json\/wp\/v2\/types\/post"}],"author":[{"embeddable":true,"href":"https:\/\/www.caririemacao.com\/1\/wp-json\/wp\/v2\/users\/2"}],"replies":[{"embeddable":true,"href":"https:\/\/www.caririemacao.com\/1\/wp-json\/wp\/v2\/comments?post=126923"}],"version-history":[{"count":1,"href":"https:\/\/www.caririemacao.com\/1\/wp-json\/wp\/v2\/posts\/126923\/revisions"}],"predecessor-version":[{"id":126924,"href":"https:\/\/www.caririemacao.com\/1\/wp-json\/wp\/v2\/posts\/126923\/revisions\/126924"}],"wp:featuredmedia":[{"embeddable":true,"href":"https:\/\/www.caririemacao.com\/1\/wp-json\/wp\/v2\/media\/126925"}],"wp:attachment":[{"href":"https:\/\/www.caririemacao.com\/1\/wp-json\/wp\/v2\/media?parent=126923"}],"wp:term":[{"taxonomy":"category","embeddable":true,"href":"https:\/\/www.caririemacao.com\/1\/wp-json\/wp\/v2\/categories?post=126923"},{"taxonomy":"post_tag","embeddable":true,"href":"https:\/\/www.caririemacao.com\/1\/wp-json\/wp\/v2\/tags?post=126923"}],"curies":[{"name":"wp","href":"https:\/\/api.w.org\/{rel}","templated":true}]}}