{"id":126929,"date":"2019-10-16T08:10:20","date_gmt":"2019-10-16T11:10:20","guid":{"rendered":"http:\/\/www.caririemacao.com\/1\/?p=126929"},"modified":"2019-10-16T08:10:20","modified_gmt":"2019-10-16T11:10:20","slug":"apos-revista-policiais-militares-apreendem-celular-e-outros-materiais-irregulares-em-cadeia-publica-de-sertania","status":"publish","type":"post","link":"https:\/\/www.caririemacao.com\/1\/2019\/10\/16\/apos-revista-policiais-militares-apreendem-celular-e-outros-materiais-irregulares-em-cadeia-publica-de-sertania\/","title":{"rendered":"AP\u00d3S REVISTA, POLICIAIS MILITARES APREENDEM CELULAR E OUTROS MATERIAIS IRREGULARES EM CADEIA P\u00daBLICA DE SERT\u00c2NIA"},"content":{"rendered":"\n<p>Nesta ter\u00e7a-feira, dia 15, policiais militares do&nbsp;efetivo da GT Ordin\u00e1ria juntamente com o Policial Militar de servi\u00e7o fizeram uma revista minuciosa na cadeia p\u00fablica de Sert\u00e2nia, onde apreenderam alguns objetos que se encontravam na cela de um dos presos, um homem de 36 anos de idade.<\/p>\n\n\n\n<p>Os objetos apreendidos, que s\u00e3o considerados de natureza il\u00edcitas, foram:<\/p>\n\n\n\n<p>1 cortador de unha;<br>1 chip;<br>1 bateria e<br>1 celular marca LG.<\/p>\n\n\n\n<p>O material foi entregue ao respons\u00e1vel pelo estabelecimento prisional para serem tomadas as medidas cab\u00edveis.<br><\/p>\n","protected":false},"excerpt":{"rendered":"<p>Nesta ter\u00e7a-feira, dia 15, policiais militares do&nbsp;efetivo da GT Ordin\u00e1ria juntamente com o Policial Militar de servi\u00e7o fizeram uma revista minuciosa na cadeia p\u00fablica de&hellip; <\/p>\n","protected":false},"author":1,"featured_media":104562,"comment_status":"closed","ping_status":"closed","sticky":false,"template":"","format":"standard","meta":{"sfsi_plus_gutenberg_text_before_share":"","sfsi_plus_gutenberg_show_text_before_share":"","sfsi_plus_gutenberg_icon_type":"","sfsi_plus_gutenberg_icon_alignemt":"","sfsi_plus_gutenburg_max_per_row":"","footnotes":""},"categories":[12],"tags":[],"class_list":["post-126929","post","type-post","status-publish","format-standard","has-post-thumbnail","hentry","category-policia"],"_links":{"self":[{"href":"https:\/\/www.caririemacao.com\/1\/wp-json\/wp\/v2\/posts\/126929","targetHints":{"allow":["GET"]}}],"collection":[{"href":"https:\/\/www.caririemacao.com\/1\/wp-json\/wp\/v2\/posts"}],"about":[{"href":"https:\/\/www.caririemacao.com\/1\/wp-json\/wp\/v2\/types\/post"}],"author":[{"embeddable":true,"href":"https:\/\/www.caririemacao.com\/1\/wp-json\/wp\/v2\/users\/1"}],"replies":[{"embeddable":true,"href":"https:\/\/www.caririemacao.com\/1\/wp-json\/wp\/v2\/comments?post=126929"}],"version-history":[{"count":1,"href":"https:\/\/www.caririemacao.com\/1\/wp-json\/wp\/v2\/posts\/126929\/revisions"}],"predecessor-version":[{"id":126930,"href":"https:\/\/www.caririemacao.com\/1\/wp-json\/wp\/v2\/posts\/126929\/revisions\/126930"}],"wp:featuredmedia":[{"embeddable":true,"href":"https:\/\/www.caririemacao.com\/1\/wp-json\/wp\/v2\/media\/104562"}],"wp:attachment":[{"href":"https:\/\/www.caririemacao.com\/1\/wp-json\/wp\/v2\/media?parent=126929"}],"wp:term":[{"taxonomy":"category","embeddable":true,"href":"https:\/\/www.caririemacao.com\/1\/wp-json\/wp\/v2\/categories?post=126929"},{"taxonomy":"post_tag","embeddable":true,"href":"https:\/\/www.caririemacao.com\/1\/wp-json\/wp\/v2\/tags?post=126929"}],"curies":[{"name":"wp","href":"https:\/\/api.w.org\/{rel}","templated":true}]}}