{"id":126933,"date":"2019-10-16T08:12:28","date_gmt":"2019-10-16T11:12:28","guid":{"rendered":"http:\/\/www.caririemacao.com\/1\/?p=126933"},"modified":"2019-10-16T08:12:28","modified_gmt":"2019-10-16T11:12:28","slug":"homem-e-preso-apos-agredir-sua-companheira-em-arcoverde","status":"publish","type":"post","link":"https:\/\/www.caririemacao.com\/1\/2019\/10\/16\/homem-e-preso-apos-agredir-sua-companheira-em-arcoverde\/","title":{"rendered":"HOMEM \u00c9 PRESO AP\u00d3S AGREDIR SUA COMPANHEIRA EM ARCOVERDE"},"content":{"rendered":"\n<p>Nesta ter\u00e7a-feira, dia 15, policiais militares do&nbsp;efetivo da GT foram solicitados pela v\u00edtima, uma mulher de 22 anos de idade, a qual informou que seu companheiro, um homem de 34 anos de idade, chegou na casa embriagado e ap\u00f3s um desentendimento entre ambos, o mesmo passou a quebrar os m\u00f3veis de sua resid\u00eancia e ainda ateou fogo em um sof\u00e1 que ela mesma apagou a chama.<\/p>\n\n\n\n<p>Os policiais ao chegarem no local, na&nbsp;Rua S\u00e3o Benedito, n\u00ba 56, Bairro S\u00e3o Cristov\u00e3o, Arcoverde, confirmaram a veracidade do fato, sendo as partes conduzidas a Delegacia de Pol\u00edcia&nbsp; de Arcoverde, onde o referido imputado foi autuado em flagrante delito e ser\u00e1 encaminhado para Audi\u00eancia de Cust\u00f3dia.<\/p>\n","protected":false},"excerpt":{"rendered":"<p>Nesta ter\u00e7a-feira, dia 15, policiais militares do&nbsp;efetivo da GT foram solicitados pela v\u00edtima, uma mulher de 22 anos de idade, a qual informou que seu&hellip; <\/p>\n","protected":false},"author":1,"featured_media":126934,"comment_status":"closed","ping_status":"closed","sticky":false,"template":"","format":"standard","meta":{"sfsi_plus_gutenberg_text_before_share":"","sfsi_plus_gutenberg_show_text_before_share":"","sfsi_plus_gutenberg_icon_type":"","sfsi_plus_gutenberg_icon_alignemt":"","sfsi_plus_gutenburg_max_per_row":"","footnotes":""},"categories":[12],"tags":[],"class_list":["post-126933","post","type-post","status-publish","format-standard","has-post-thumbnail","hentry","category-policia"],"_links":{"self":[{"href":"https:\/\/www.caririemacao.com\/1\/wp-json\/wp\/v2\/posts\/126933","targetHints":{"allow":["GET"]}}],"collection":[{"href":"https:\/\/www.caririemacao.com\/1\/wp-json\/wp\/v2\/posts"}],"about":[{"href":"https:\/\/www.caririemacao.com\/1\/wp-json\/wp\/v2\/types\/post"}],"author":[{"embeddable":true,"href":"https:\/\/www.caririemacao.com\/1\/wp-json\/wp\/v2\/users\/1"}],"replies":[{"embeddable":true,"href":"https:\/\/www.caririemacao.com\/1\/wp-json\/wp\/v2\/comments?post=126933"}],"version-history":[{"count":1,"href":"https:\/\/www.caririemacao.com\/1\/wp-json\/wp\/v2\/posts\/126933\/revisions"}],"predecessor-version":[{"id":126935,"href":"https:\/\/www.caririemacao.com\/1\/wp-json\/wp\/v2\/posts\/126933\/revisions\/126935"}],"wp:featuredmedia":[{"embeddable":true,"href":"https:\/\/www.caririemacao.com\/1\/wp-json\/wp\/v2\/media\/126934"}],"wp:attachment":[{"href":"https:\/\/www.caririemacao.com\/1\/wp-json\/wp\/v2\/media?parent=126933"}],"wp:term":[{"taxonomy":"category","embeddable":true,"href":"https:\/\/www.caririemacao.com\/1\/wp-json\/wp\/v2\/categories?post=126933"},{"taxonomy":"post_tag","embeddable":true,"href":"https:\/\/www.caririemacao.com\/1\/wp-json\/wp\/v2\/tags?post=126933"}],"curies":[{"name":"wp","href":"https:\/\/api.w.org\/{rel}","templated":true}]}}