{"id":126937,"date":"2019-10-16T08:15:44","date_gmt":"2019-10-16T11:15:44","guid":{"rendered":"http:\/\/www.caririemacao.com\/1\/?p=126937"},"modified":"2019-10-16T08:15:44","modified_gmt":"2019-10-16T11:15:44","slug":"funcionario-de-shopping-encontra-quase-r-7-mil-em-banheiro-e-devolve-ao-dono-na-paraiba","status":"publish","type":"post","link":"https:\/\/www.caririemacao.com\/1\/2019\/10\/16\/funcionario-de-shopping-encontra-quase-r-7-mil-em-banheiro-e-devolve-ao-dono-na-paraiba\/","title":{"rendered":"Funcion\u00e1rio de shopping encontra quase R$ 7 mil em banheiro e devolve ao dono, na Para\u00edba"},"content":{"rendered":"\n<p>Parecia um dia comum de trabalho, mas o auxiliar de servi\u00e7os gerais Claudiano da Silva Ramos, de 29 anos, teve uma surpresa no fim do expediente do \u00faltimo domingo (13). Enquanto fazia a limpeza do banheiro do shopping onde trabalha, em Guarabira, no Agreste da Para\u00edba, ele encontrou um pacote com R$ 6,8 mil. A quantia foi devolvida ao propriet\u00e1rio no dia seguinte.<\/p>\n\n\n\n<p>A cena \u00e9 reconstitu\u00edda com clareza na cabe\u00e7a do colaborador. \u201cEu creio que foi coisa de Deus. Assim que eu entrei no banheiro, tinha acabado de entrar um rapaz no box em que eu achei [o montante]. Depois que ele saiu, eu fiz a limpeza. O dinheiro estava envolvido em um papel em cima do porta papel higi\u00eanico. Foi a primeira coisa que eu vi e veio logo em minha cabe\u00e7a a responsabilidade de entregar tudo ao dono\u201d, contou.<\/p>\n\n\n\n<p>Claudiano garantiu que em nenhum momento pensou em ficar com a quantia encontrada. Ele trabalha no local h\u00e1 cerca de tr\u00eas anos e quatro meses e disse que a devolu\u00e7\u00e3o de qualquer objeto que for encontrado faz parte da conduta profissional dele.<\/p>\n\n\n\n<p>O auxiliar de servi\u00e7os gerais explicou que faz parte da rotina dele encontrar objetos de valor. Segundo ele, quando o material est\u00e1 com identifica\u00e7\u00e3o \u00e9 mais f\u00e1cil devolver aos donos. J\u00e1 quando ele encontra dinheiro, o primeiro passo \u00e9 fazer a contagem e guard\u00e1-lo at\u00e9 que o propriet\u00e1rio o procure.<\/p>\n\n\n\n<p>Claudino confessou que passou a noite em claro e teve at\u00e9 que ser medicado. Ele teve uma forte dor de cabe\u00e7a por n\u00e3o ter sido notificado sobre o desaparecimento do dinheiro. No dia seguinte, ele foi surpreendido novamente, quando precisou trabalhar na folga para cobrir um colega que estava doente.<\/p>\n\n\n\n<p>Quando chegou ao local de trabalho, um comerciante da regi\u00e3o, que havia perdido o dinheiro, havia aparecido. Ele n\u00e3o quis ser identificado. O superintendente do shopping, Carlos Gal\u00e1n, disse que a atitude do funcion\u00e1rio fortaleceu o esp\u00edrito de equipe do estabelecimento.<\/p>\n\n\n\n<blockquote class=\"wp-block-quote is-layout-flow wp-block-quote-is-layout-flow\"><p>&#8220;Ele sempre foi um funcion\u00e1rio exemplar. N\u00e3o tinha como esperar uma atitude diferente dele. A gente se sente muito orgulhoso&#8221;, destacou o superintendente.<\/p><\/blockquote>\n\n\n\n<p>Para comprovar se o pacote era mesmo do empres\u00e1rio, Claudiano perguntou a quantia que ele havia perdido, a forma e como o montante estava embalado. Com as informa\u00e7\u00f5es conferidas, ele devolveu todo o dinheiro.<\/p>\n\n\n\n<h2 class=\"wp-block-heading\">&#8216;Alegria n\u00e3o foi encontrar o dinheiro, mas devolver&#8217;, declarou o funcion\u00e1rio<\/h2>\n\n\n\n<p>A devolu\u00e7\u00e3o de quase R$ 7 mil aconteceu na tarde da segunda-feira (14). O pr\u00f3prio Claudiano entregou ao comerciante o valor que ele havia perdido. O momento foi de emo\u00e7\u00e3o e sensa\u00e7\u00e3o de dever cumprido para o auxiliar de servi\u00e7os gerais.<\/p>\n\n\n\n<blockquote class=\"wp-block-quote is-layout-flow wp-block-quote-is-layout-flow\"><p>\u201cEu fiz quest\u00e3o de dizer para ele que alegria n\u00e3o foi encontrar o dinheiro, mas devolver. Eu sei que foi dif\u00edcil e suado para ele conseguir. A devolu\u00e7\u00e3o, com certeza, tocou mais em mim do que nele\u201d, afirmou.<\/p><\/blockquote>\n\n\n\n<h2 class=\"wp-block-heading\">Claudiano sustenta a fam\u00edlia com pouco mais de um sal\u00e1rio m\u00ednimo<\/h2>\n\n\n\n<p>Claudino sustenta a fam\u00edlia com um pouco mais de um sal\u00e1rio m\u00ednimo mensal. Ele trabalha 12 horas por dia e folga outras 36 horas at\u00e9 retomar o trabalho. A esposa dele, Joana D&#8217;arc F\u00e9lix Rodrigues, de 27 anos, faz servi\u00e7os tempor\u00e1rios como faxineira e bab\u00e1. O casal tem uma filha, Maria Eduarda F\u00e9lix da Silva, de 9 anos.<\/p>\n\n\n\n<figure><iframe data-src=\"https:\/\/tpc.googlesyndication.com\/safeframe\/1-0-35\/html\/container.html\" width=\"970\" height=\"150\" src=\"data:image\/svg+xml;base64,PHN2ZyB3aWR0aD0iMSIgaGVpZ2h0PSIxIiB4bWxucz0iaHR0cDovL3d3dy53My5vcmcvMjAwMC9zdmciPjwvc3ZnPg==\" class=\"lazyload\" data-load-mode=\"1\"><\/iframe><\/figure>\n\n\n\n<p>Ele se emocionou ao falar da fam\u00edlia. Explicou que a necessidade n\u00e3o o faria agir de forma desonesta.<\/p>\n\n\n\n<blockquote class=\"wp-block-quote is-layout-flow wp-block-quote-is-layout-flow\"><p>\u201cVamos dar as m\u00e3os e seguir em frente. Em nenhum momento passou pela minha cabe\u00e7a ficar com esse dinheiro. S\u00f3 devemos querer aquilo que \u00e9 fruto do nosso suor. N\u00e3o prosperamos de jeito nenhum com o que vem do outro\u201d, finalizou.<\/p><\/blockquote>\n\n\n\n<h2 class=\"wp-block-heading\">Colaborador n\u00e3o esperava que o caso repercutisse<\/h2>\n\n\n\n<p>A hist\u00f3ria protagonizada pela boa a\u00e7\u00e3o de Claudiano se espalhou pela cidade, com popula\u00e7\u00e3o um pouco maior do que 58 mil habitantes. Tanto que ele nem esperava. Mas confessou que ficou um pouco triste ao ouvir de muitas pessoas que n\u00e3o devolveriam o dinheiro se estivessem no lugar dele.<\/p>\n\n\n\n<blockquote class=\"wp-block-quote is-layout-flow wp-block-quote-is-layout-flow\"><p>\u201cEu tenho a consci\u00eancia de que fiz o certo e faria novamente. Cada um tem um jeito de ser, esse \u00e9 o meu jeito\u201d, concluiu Claudiano.<\/p><\/blockquote>\n\n\n\n<ul class=\"wp-block-list\"><li><a href=\"https:\/\/g1.globo.com\/pb\/paraiba\/cidade\/guarabira\/\">GUARABIRA<\/a><\/li><\/ul>\n","protected":false},"excerpt":{"rendered":"<p>Parecia um dia comum de trabalho, mas o auxiliar de servi\u00e7os gerais Claudiano da Silva Ramos, de 29 anos, teve uma surpresa no fim do&hellip; <\/p>\n","protected":false},"author":1,"featured_media":126938,"comment_status":"closed","ping_status":"closed","sticky":false,"template":"","format":"standard","meta":{"sfsi_plus_gutenberg_text_before_share":"","sfsi_plus_gutenberg_show_text_before_share":"","sfsi_plus_gutenberg_icon_type":"","sfsi_plus_gutenberg_icon_alignemt":"","sfsi_plus_gutenburg_max_per_row":"","footnotes":""},"categories":[2],"tags":[],"class_list":["post-126937","post","type-post","status-publish","format-standard","has-post-thumbnail","hentry","category-geral"],"_links":{"self":[{"href":"https:\/\/www.caririemacao.com\/1\/wp-json\/wp\/v2\/posts\/126937","targetHints":{"allow":["GET"]}}],"collection":[{"href":"https:\/\/www.caririemacao.com\/1\/wp-json\/wp\/v2\/posts"}],"about":[{"href":"https:\/\/www.caririemacao.com\/1\/wp-json\/wp\/v2\/types\/post"}],"author":[{"embeddable":true,"href":"https:\/\/www.caririemacao.com\/1\/wp-json\/wp\/v2\/users\/1"}],"replies":[{"embeddable":true,"href":"https:\/\/www.caririemacao.com\/1\/wp-json\/wp\/v2\/comments?post=126937"}],"version-history":[{"count":1,"href":"https:\/\/www.caririemacao.com\/1\/wp-json\/wp\/v2\/posts\/126937\/revisions"}],"predecessor-version":[{"id":126939,"href":"https:\/\/www.caririemacao.com\/1\/wp-json\/wp\/v2\/posts\/126937\/revisions\/126939"}],"wp:featuredmedia":[{"embeddable":true,"href":"https:\/\/www.caririemacao.com\/1\/wp-json\/wp\/v2\/media\/126938"}],"wp:attachment":[{"href":"https:\/\/www.caririemacao.com\/1\/wp-json\/wp\/v2\/media?parent=126937"}],"wp:term":[{"taxonomy":"category","embeddable":true,"href":"https:\/\/www.caririemacao.com\/1\/wp-json\/wp\/v2\/categories?post=126937"},{"taxonomy":"post_tag","embeddable":true,"href":"https:\/\/www.caririemacao.com\/1\/wp-json\/wp\/v2\/tags?post=126937"}],"curies":[{"name":"wp","href":"https:\/\/api.w.org\/{rel}","templated":true}]}}