{"id":126946,"date":"2019-10-16T08:21:41","date_gmt":"2019-10-16T11:21:41","guid":{"rendered":"http:\/\/www.caririemacao.com\/1\/?p=126946"},"modified":"2019-10-16T08:21:41","modified_gmt":"2019-10-16T11:21:41","slug":"sergipe-e-segundo-estado-em-situacao-de-emergencia-por-mancha-de-oleo","status":"publish","type":"post","link":"https:\/\/www.caririemacao.com\/1\/2019\/10\/16\/sergipe-e-segundo-estado-em-situacao-de-emergencia-por-mancha-de-oleo\/","title":{"rendered":"Sergipe \u00e9 segundo estado em situa\u00e7\u00e3o de emerg\u00eancia por mancha de \u00f3leo"},"content":{"rendered":"\n<p>O estado de Sergipe \u00e9 o segundo a decretar situa\u00e7\u00e3o de emerg\u00eancia para conter as manchas de \u00f3leo que se alastram pelo litoral nordestino. Em uma&nbsp;<a href=\"http:\/\/www.in.gov.br\/en\/web\/dou\/-\/portaria-n-2.426-de-14-de-outubro-de-2019-221811844\" target=\"_blank\" rel=\"noreferrer noopener\">portaria publicada hoje<\/a>&nbsp;(15) no Di\u00e1rio Oficial da Uni\u00e3o, o minist\u00e9rio do Desenvolvimento Regional (MDR) reconheceu a situa\u00e7\u00e3o cr\u00edtica e liberou o acesso a recursos da Uni\u00e3o atrav\u00e9s da Secretaria Nacional de Prote\u00e7\u00e3o e Defesa Civil (Sedec).<\/p>\n\n\n\n<p>Com a ajuda, os munic\u00edpios afetados pelo derramamento de \u00f3leo podem remover fam\u00edlias de \u00e1reas de risco, financiar o recolhimento de material contaminado, solicitar kits de assist\u00eancia humanit\u00e1ria (cestas b\u00e1sicas, \u00e1gua pot\u00e1vel, kits dormit\u00f3rio e outros) e recuperar \u00e1reas de infraestrutura afetadas pelo vazamento.<\/p>\n\n\n\n<p>A verba emergencial disponibilizada pela Sedec \u00e9 complementar \u00e0 atua\u00e7\u00e3o dos governos estaduais e municipais. O aux\u00edlio pode ser solicitado sempre que necess\u00e1rio, inclusive em situa\u00e7\u00f5es recorrentes.<\/p>\n\n\n\n<p>Outros \u00f3rg\u00e3os de \u00e2mbito federal tamb\u00e9m atuam na conten\u00e7\u00e3o da mancha e na an\u00e1lise do acidente. A Ag\u00eancia Nacional de \u00c1guas (ANA), o minist\u00e9rio do Meio Ambiente, o minist\u00e9rio de Minas e Energia, o minist\u00e9rio da Defesa e os tr\u00eas comandos militares (Marinha, Comando da Aeron\u00e1utica e Ex\u00e9rcito) monitoram a amplitude do vazamento.<\/p>\n","protected":false},"excerpt":{"rendered":"<p>O estado de Sergipe \u00e9 o segundo a decretar situa\u00e7\u00e3o de emerg\u00eancia para conter as manchas de \u00f3leo que se alastram pelo litoral nordestino. Em&hellip; <\/p>\n","protected":false},"author":1,"featured_media":124274,"comment_status":"closed","ping_status":"closed","sticky":false,"template":"","format":"standard","meta":{"sfsi_plus_gutenberg_text_before_share":"","sfsi_plus_gutenberg_show_text_before_share":"","sfsi_plus_gutenberg_icon_type":"","sfsi_plus_gutenberg_icon_alignemt":"","sfsi_plus_gutenburg_max_per_row":"","footnotes":""},"categories":[2],"tags":[],"class_list":["post-126946","post","type-post","status-publish","format-standard","has-post-thumbnail","hentry","category-geral"],"_links":{"self":[{"href":"https:\/\/www.caririemacao.com\/1\/wp-json\/wp\/v2\/posts\/126946","targetHints":{"allow":["GET"]}}],"collection":[{"href":"https:\/\/www.caririemacao.com\/1\/wp-json\/wp\/v2\/posts"}],"about":[{"href":"https:\/\/www.caririemacao.com\/1\/wp-json\/wp\/v2\/types\/post"}],"author":[{"embeddable":true,"href":"https:\/\/www.caririemacao.com\/1\/wp-json\/wp\/v2\/users\/1"}],"replies":[{"embeddable":true,"href":"https:\/\/www.caririemacao.com\/1\/wp-json\/wp\/v2\/comments?post=126946"}],"version-history":[{"count":1,"href":"https:\/\/www.caririemacao.com\/1\/wp-json\/wp\/v2\/posts\/126946\/revisions"}],"predecessor-version":[{"id":126947,"href":"https:\/\/www.caririemacao.com\/1\/wp-json\/wp\/v2\/posts\/126946\/revisions\/126947"}],"wp:featuredmedia":[{"embeddable":true,"href":"https:\/\/www.caririemacao.com\/1\/wp-json\/wp\/v2\/media\/124274"}],"wp:attachment":[{"href":"https:\/\/www.caririemacao.com\/1\/wp-json\/wp\/v2\/media?parent=126946"}],"wp:term":[{"taxonomy":"category","embeddable":true,"href":"https:\/\/www.caririemacao.com\/1\/wp-json\/wp\/v2\/categories?post=126946"},{"taxonomy":"post_tag","embeddable":true,"href":"https:\/\/www.caririemacao.com\/1\/wp-json\/wp\/v2\/tags?post=126946"}],"curies":[{"name":"wp","href":"https:\/\/api.w.org\/{rel}","templated":true}]}}