{"id":126950,"date":"2019-10-16T08:23:58","date_gmt":"2019-10-16T11:23:58","guid":{"rendered":"http:\/\/www.caririemacao.com\/1\/?p=126950"},"modified":"2019-10-16T08:23:58","modified_gmt":"2019-10-16T11:23:58","slug":"imigrantes-se-cadastrarao-como-mei-com-regras-simplificadas","status":"publish","type":"post","link":"https:\/\/www.caririemacao.com\/1\/2019\/10\/16\/imigrantes-se-cadastrarao-como-mei-com-regras-simplificadas\/","title":{"rendered":"Imigrantes se cadastrar\u00e3o como MEI com regras simplificadas"},"content":{"rendered":"\n<p>Imigrantes que trabalham como aut\u00f4nomos podem registrar-se, a partir de hoje (15), como microempreendedor individual (MEI) de forma simplificada. A Secretaria Especial de Produtividade, Emprego e Competitividade do Minist\u00e9rio da Economia reduziu as exig\u00eancias para o cadastro de estrangeiros.<\/p>\n\n\n\n<p>Antes, o imigrante precisava seguir as mesmas regras do brasileiro. Com a simplifica\u00e7\u00e3o, o estrangeiro que quiser se formalizar como MEI precisa apenas informar o pa\u00eds de origem e o n\u00famero de um dos seguintes documentos: carteira nacional de registro migrat\u00f3rio, documento provis\u00f3rio de registro nacional migrat\u00f3rio ou protocolo de solicita\u00e7\u00e3o de ref\u00fagio.<\/p>\n\n\n\n<p>Pelas regras anteriores, o imigrante precisava apresentar o n\u00famero do recibo da \u00faltima Declara\u00e7\u00e3o do Imposto sobre a Renda da Pessoa F\u00edsica ou o t\u00edtulo de eleitor. Caso n\u00e3o tivesse t\u00edtulo de eleitor, o estrangeiro n\u00e3o poderia emitir a declara\u00e7\u00e3o de renda por ter entrado no pa\u00eds no mesmo ano em que recebeu o Cadastro de Pessoas F\u00edsicas (CPF).<\/p>\n\n\n\n<p>Na pr\u00e1tica, as normas anteriores adiavam a formaliza\u00e7\u00e3o do estrangeiro como microempreendedor para o ano seguinte \u00e0 chegada ao Brasil. Segundo o Minist\u00e9rio da Economia, atualmente existem no pa\u00eds 46.591 estrangeiros de 169 nacionalidades inscritos como MEI.<\/p>\n","protected":false},"excerpt":{"rendered":"<p>Imigrantes que trabalham como aut\u00f4nomos podem registrar-se, a partir de hoje (15), como microempreendedor individual (MEI) de forma simplificada. A Secretaria Especial de Produtividade, Emprego&hellip; <\/p>\n","protected":false},"author":1,"featured_media":126951,"comment_status":"closed","ping_status":"closed","sticky":false,"template":"","format":"standard","meta":{"sfsi_plus_gutenberg_text_before_share":"","sfsi_plus_gutenberg_show_text_before_share":"","sfsi_plus_gutenberg_icon_type":"","sfsi_plus_gutenberg_icon_alignemt":"","sfsi_plus_gutenburg_max_per_row":"","footnotes":""},"categories":[2],"tags":[],"class_list":["post-126950","post","type-post","status-publish","format-standard","has-post-thumbnail","hentry","category-geral"],"_links":{"self":[{"href":"https:\/\/www.caririemacao.com\/1\/wp-json\/wp\/v2\/posts\/126950","targetHints":{"allow":["GET"]}}],"collection":[{"href":"https:\/\/www.caririemacao.com\/1\/wp-json\/wp\/v2\/posts"}],"about":[{"href":"https:\/\/www.caririemacao.com\/1\/wp-json\/wp\/v2\/types\/post"}],"author":[{"embeddable":true,"href":"https:\/\/www.caririemacao.com\/1\/wp-json\/wp\/v2\/users\/1"}],"replies":[{"embeddable":true,"href":"https:\/\/www.caririemacao.com\/1\/wp-json\/wp\/v2\/comments?post=126950"}],"version-history":[{"count":1,"href":"https:\/\/www.caririemacao.com\/1\/wp-json\/wp\/v2\/posts\/126950\/revisions"}],"predecessor-version":[{"id":126952,"href":"https:\/\/www.caririemacao.com\/1\/wp-json\/wp\/v2\/posts\/126950\/revisions\/126952"}],"wp:featuredmedia":[{"embeddable":true,"href":"https:\/\/www.caririemacao.com\/1\/wp-json\/wp\/v2\/media\/126951"}],"wp:attachment":[{"href":"https:\/\/www.caririemacao.com\/1\/wp-json\/wp\/v2\/media?parent=126950"}],"wp:term":[{"taxonomy":"category","embeddable":true,"href":"https:\/\/www.caririemacao.com\/1\/wp-json\/wp\/v2\/categories?post=126950"},{"taxonomy":"post_tag","embeddable":true,"href":"https:\/\/www.caririemacao.com\/1\/wp-json\/wp\/v2\/tags?post=126950"}],"curies":[{"name":"wp","href":"https:\/\/api.w.org\/{rel}","templated":true}]}}