{"id":126961,"date":"2019-10-16T08:28:11","date_gmt":"2019-10-16T11:28:11","guid":{"rendered":"http:\/\/www.caririemacao.com\/1\/?p=126961"},"modified":"2019-10-16T08:28:11","modified_gmt":"2019-10-16T11:28:11","slug":"bolsonaro-nao-ve-justa-causa-para-sair-do-psl-diz-porta-voz","status":"publish","type":"post","link":"https:\/\/www.caririemacao.com\/1\/2019\/10\/16\/bolsonaro-nao-ve-justa-causa-para-sair-do-psl-diz-porta-voz\/","title":{"rendered":"Bolsonaro n\u00e3o v\u00ea justa causa para sair do PSL, diz porta-voz"},"content":{"rendered":"\n<p>O porta-voz da Presid\u00eancia da Rep\u00fablica, Ot\u00e1vio R\u00eago Barros, afirmou nesta segunda-feira&nbsp;(15) que o presidente Jair Bolsonaro n\u00e3o v\u00ea justa causa para sa\u00edda do&nbsp;PSL&nbsp;ap\u00f3s a&nbsp;opera\u00e7\u00e3o da Pol\u00edcia Federal, deflagrada durante a manh\u00e3, que teve como alvo o presidente do partido, Luciano Bivar. &#8220;O presidente n\u00e3o entende como justa causa at\u00e9 porque isso seria antever um futuro e nenhum de n\u00f3s \u00e9 vidente em situa\u00e7\u00f5es pol\u00edticas&#8221;, afirmou R\u00eago Barros. Segundo ele,&nbsp;o presidente da Rep\u00fablica n\u00e3o tomou conhecimento pr\u00e9vio da opera\u00e7\u00e3o.<\/p>\n\n\n\n<p>Na&nbsp;sexta-feira (11), Bolsonaro e mais 21 parlamentares do partido requereram ao diret\u00f3rio nacional&nbsp;que&nbsp;<a href=\"http:\/\/agenciabrasil.ebc.com.br\/politica\/noticia\/2019-10\/bolsonaro-discute-pedido-de-prestacao-de-contas-ao-psl\" target=\"_blank\" rel=\"noreferrer noopener\">apresente informa\u00e7\u00f5es sobre as contas da sigla<\/a>.&nbsp;<\/p>\n\n\n\n<p>Na opera\u00e7\u00e3o de&nbsp;hoje, batizada de Guinhol, foram cumpridos mandados de busca e apreens\u00e3o, autorizados pelo Tribunal Regional Eleitoral de Pernambuco (TRE-PE), em&nbsp;endere\u00e7os residenciais e comerciais de Luciano Bivar, do partido, al\u00e9m de empresas gr\u00e1ficas, na regi\u00e3o metropolitana do Recife. Segundo a PF, o objetivo foi buscar&nbsp;provas que possam ajudar na investiga\u00e7\u00e3o de supostos crimes eleitorais praticados por integrantes do PSL. A suspeita \u00e9 que os investigados teriam&nbsp;\u201cocultado\/disfar\u00e7ado\/omitido movimenta\u00e7\u00f5es de recursos financeiros oriundos do Fundo Partid\u00e1rio, especialmente os destinados \u00e0s candidaturas de mulheres, ap\u00f3s&nbsp;verifica\u00e7\u00e3o preliminar de informa\u00e7\u00f5es que foram fartamente difundidas pelos \u00f3rg\u00e3os de imprensa nacional\u201d.<\/p>\n\n\n\n<p>O advogado de Bivar, Ademar Rigueira, divulgou nota em que afirma o inqu\u00e9rito que investiga as suspeitas de uso indevido dos recursos do Fundo Partid\u00e1rio j\u00e1 se estende&nbsp;h\u00e1 dez meses, sem que, segundo ele, as autoridades tenham encontrado ind\u00edcios de fraude no processo eleitoral.<\/p>\n\n\n\n<p>A deputada federal Carla Zambelli (PSL-SP) defendeu nesta&nbsp;ter\u00e7a-feira que o presidente Jair Bolsonaro assuma o controle da executiva do partido. Segundo ela, essa essa seria uma pr\u00e9-condi\u00e7\u00e3o para que o grupo de parlamentares insatisfeitos com a dire\u00e7\u00e3o permane\u00e7a&nbsp;na sigla. &#8220;N\u00f3s s\u00f3 ficamos se o Bolsonaro for presidente ou indicar o presidente&#8221;, afirmou a parlamentar.<\/p>\n\n\n\n<p>Em nota, a Comiss\u00e3o Executiva Nacional do PSL destaca que &#8220;a diverg\u00eancia intrapartid\u00e1ria \u00e9 natural&#8221; na democracia. A legenda informa que sobre a &#8220;minuta da notifica\u00e7\u00e3o que teria sido endere\u00e7ada ao partido&#8221; para presta\u00e7\u00e3o de contas, recebeu apenas uma c\u00f3pia n\u00e3o assinada do documento. O partido ressalta que &#8220;qualquer pessoa \u2013 filiada ou n\u00e3o \u2013 pode&nbsp;ter&nbsp;acesso completo a todas informa\u00e7\u00f5es, extratos e comprovantes que constam das presta\u00e7\u00f5es de contas apresentadas pelo partido nos \u00faltimos anos, pois eles est\u00e3o dispon\u00edveis para consulta p\u00fablica no site do Tribunal Superior Eleitoral&#8221;.<\/p>\n\n\n\n<p>Sobre uma eventual sa\u00edda de Bolsonaro do PSL, o porta-voz do governo reafirmou que o presidente analisa a sua situa\u00e7\u00e3o&nbsp;no partido. &#8220;O presidente, neste momento, avalia todas as oportunidades, mas especialmente esta de deixar o partido, n\u00e3o me avan\u00e7ou nenhuma ideia&#8221;.<\/p>\n\n\n\n<p>O porta-voz afirmou que o ministro do Turismo, Marcelo \u00c1lvaro Antonio, seguir\u00e1 no cargo por enquanto. Na semana passada, o Minist\u00e9rio P\u00fablico Eleitoral de Minas Gerais denunciou 11 pessoas, entre elas o pr\u00f3prio ministro, por crimes envolvendo&nbsp;candidaturas-laranja do PSL no estado em 2018.<\/p>\n\n\n\n<p>&#8220;O ministro do Turismo vem sendo investigado pela Pol\u00edcia Federal e agora pelo pr\u00f3prio Minist\u00e9rio P\u00fablico Federal, h\u00e1 algum tempo. O presidente acompanha este&nbsp;movimento, tem dado apoio ao ministro do Turismo e aguarda a solu\u00e7\u00e3o do inqu\u00e9rito e agora, mais especialmente, da pr\u00f3pria den\u00fancia&#8221;.&nbsp;<\/p>\n\n\n\n<p>Questionado se o presidente Bolsonaro estaria tratando de forma diferente investiga\u00e7\u00f5es semelhantes envolvendo o ministro do Turismo e Luciano Bivar, o porta-voz do governo disse os casos precisam ser analisados de forma distinta. &#8220;S\u00e3o casos que temos que n\u00f3s temos analisar de forma distinta. O caso do mininstro do Turismo, o presidente vem acompanhando h\u00e1 tempo e aguarda as elabora\u00e7\u00f5es e as defini\u00e7\u00f5es da Pol\u00edcia Federal e do Minist\u00e9rio P\u00fablico Federal e, no todo, da Justi\u00e7a, em rela\u00e7\u00e3o ao ministro. No caso espec\u00edfico dessa quest\u00e3o do presidente do PSL, por desconhecer detalhes, ele [Bolsonaro] n\u00e3o comenta&#8221;, afirmou R\u00eago Barros.<\/p>\n","protected":false},"excerpt":{"rendered":"<p>O porta-voz da Presid\u00eancia da Rep\u00fablica, Ot\u00e1vio R\u00eago Barros, afirmou nesta segunda-feira&nbsp;(15) que o presidente Jair Bolsonaro n\u00e3o v\u00ea justa causa para sa\u00edda do&nbsp;PSL&nbsp;ap\u00f3s a&nbsp;opera\u00e7\u00e3o&hellip; <\/p>\n","protected":false},"author":1,"featured_media":126962,"comment_status":"closed","ping_status":"closed","sticky":false,"template":"","format":"standard","meta":{"sfsi_plus_gutenberg_text_before_share":"","sfsi_plus_gutenberg_show_text_before_share":"","sfsi_plus_gutenberg_icon_type":"","sfsi_plus_gutenberg_icon_alignemt":"","sfsi_plus_gutenburg_max_per_row":"","footnotes":""},"categories":[11],"tags":[],"class_list":["post-126961","post","type-post","status-publish","format-standard","has-post-thumbnail","hentry","category-politica"],"_links":{"self":[{"href":"https:\/\/www.caririemacao.com\/1\/wp-json\/wp\/v2\/posts\/126961","targetHints":{"allow":["GET"]}}],"collection":[{"href":"https:\/\/www.caririemacao.com\/1\/wp-json\/wp\/v2\/posts"}],"about":[{"href":"https:\/\/www.caririemacao.com\/1\/wp-json\/wp\/v2\/types\/post"}],"author":[{"embeddable":true,"href":"https:\/\/www.caririemacao.com\/1\/wp-json\/wp\/v2\/users\/1"}],"replies":[{"embeddable":true,"href":"https:\/\/www.caririemacao.com\/1\/wp-json\/wp\/v2\/comments?post=126961"}],"version-history":[{"count":1,"href":"https:\/\/www.caririemacao.com\/1\/wp-json\/wp\/v2\/posts\/126961\/revisions"}],"predecessor-version":[{"id":126963,"href":"https:\/\/www.caririemacao.com\/1\/wp-json\/wp\/v2\/posts\/126961\/revisions\/126963"}],"wp:featuredmedia":[{"embeddable":true,"href":"https:\/\/www.caririemacao.com\/1\/wp-json\/wp\/v2\/media\/126962"}],"wp:attachment":[{"href":"https:\/\/www.caririemacao.com\/1\/wp-json\/wp\/v2\/media?parent=126961"}],"wp:term":[{"taxonomy":"category","embeddable":true,"href":"https:\/\/www.caririemacao.com\/1\/wp-json\/wp\/v2\/categories?post=126961"},{"taxonomy":"post_tag","embeddable":true,"href":"https:\/\/www.caririemacao.com\/1\/wp-json\/wp\/v2\/tags?post=126961"}],"curies":[{"name":"wp","href":"https:\/\/api.w.org\/{rel}","templated":true}]}}