{"id":126965,"date":"2019-10-16T08:29:57","date_gmt":"2019-10-16T11:29:57","guid":{"rendered":"http:\/\/www.caririemacao.com\/1\/?p=126965"},"modified":"2019-10-16T08:29:57","modified_gmt":"2019-10-16T11:29:57","slug":"produtores-rurais-poderao-refinanciar-dividas-com-juros-de-8-ao-ano","status":"publish","type":"post","link":"https:\/\/www.caririemacao.com\/1\/2019\/10\/16\/produtores-rurais-poderao-refinanciar-dividas-com-juros-de-8-ao-ano\/","title":{"rendered":"Produtores rurais poder\u00e3o refinanciar d\u00edvidas com juros de 8% ao ano"},"content":{"rendered":"\n<p>Produtores rurais e cooperativas de produ\u00e7\u00e3o que tiveram problemas clim\u00e1ticos ou de comercializa\u00e7\u00e3o poder\u00e3o ter acesso a uma nova linha de cr\u00e9dito para refinanciar a d\u00edvida. Em reuni\u00e3o extraordin\u00e1ria&nbsp;nessa ter\u00e7a-feira&nbsp;(15), o Conselho Monet\u00e1rio Nacional (CMN) definiu as condi\u00e7\u00f5es para o novo financiamento.<\/p>\n\n\n\n<p>Nessa modalidade, chamada de composi\u00e7\u00e3o de d\u00edvidas, os bancos concedem novo cr\u00e9dito para a liquida\u00e7\u00e3o integral de d\u00e9bitos. Ao todo, o governo vai oferecer at\u00e9 R$ 1 bilh\u00e3o para a composi\u00e7\u00e3o de d\u00edvidas de empr\u00e9stimos de custeio e investimento rural contratadas at\u00e9&nbsp;28 de dezembro&nbsp;de 2017.<\/p>\n\n\n\n<p>Cada produtor s\u00f3 poder\u00e1 contrair at\u00e9 R$ 3 milh\u00f5es para a composi\u00e7\u00e3o de d\u00edvidas, com juros efetivos de 8% ao ano e prazo de pagamento de at\u00e9 12 anos. O benefici\u00e1rio&nbsp;ter\u00e1 36 meses de car\u00eancia, s\u00f3 come\u00e7ando a pagar a nova linha de cr\u00e9dito tr\u00eas anos depois da contrata\u00e7\u00e3o.<\/p>\n\n\n\n<p>Em nota, o Minist\u00e9rio da Economia informou que a composi\u00e7\u00e3o de d\u00edvidas pretende permitir que os produtores e as cooperativas alonguem os prazos financiamentos contratados anteriormente, cujo cronograma original de pagamento foi dificultado por imprevistos clim\u00e1ticos ou problemas na venda da produ\u00e7\u00e3o.<\/p>\n","protected":false},"excerpt":{"rendered":"<p>Produtores rurais e cooperativas de produ\u00e7\u00e3o que tiveram problemas clim\u00e1ticos ou de comercializa\u00e7\u00e3o poder\u00e3o ter acesso a uma nova linha de cr\u00e9dito para refinanciar a&hellip; <\/p>\n","protected":false},"author":1,"featured_media":126966,"comment_status":"closed","ping_status":"closed","sticky":false,"template":"","format":"standard","meta":{"sfsi_plus_gutenberg_text_before_share":"","sfsi_plus_gutenberg_show_text_before_share":"","sfsi_plus_gutenberg_icon_type":"","sfsi_plus_gutenberg_icon_alignemt":"","sfsi_plus_gutenburg_max_per_row":"","footnotes":""},"categories":[2],"tags":[],"class_list":["post-126965","post","type-post","status-publish","format-standard","has-post-thumbnail","hentry","category-geral"],"_links":{"self":[{"href":"https:\/\/www.caririemacao.com\/1\/wp-json\/wp\/v2\/posts\/126965","targetHints":{"allow":["GET"]}}],"collection":[{"href":"https:\/\/www.caririemacao.com\/1\/wp-json\/wp\/v2\/posts"}],"about":[{"href":"https:\/\/www.caririemacao.com\/1\/wp-json\/wp\/v2\/types\/post"}],"author":[{"embeddable":true,"href":"https:\/\/www.caririemacao.com\/1\/wp-json\/wp\/v2\/users\/1"}],"replies":[{"embeddable":true,"href":"https:\/\/www.caririemacao.com\/1\/wp-json\/wp\/v2\/comments?post=126965"}],"version-history":[{"count":1,"href":"https:\/\/www.caririemacao.com\/1\/wp-json\/wp\/v2\/posts\/126965\/revisions"}],"predecessor-version":[{"id":126967,"href":"https:\/\/www.caririemacao.com\/1\/wp-json\/wp\/v2\/posts\/126965\/revisions\/126967"}],"wp:featuredmedia":[{"embeddable":true,"href":"https:\/\/www.caririemacao.com\/1\/wp-json\/wp\/v2\/media\/126966"}],"wp:attachment":[{"href":"https:\/\/www.caririemacao.com\/1\/wp-json\/wp\/v2\/media?parent=126965"}],"wp:term":[{"taxonomy":"category","embeddable":true,"href":"https:\/\/www.caririemacao.com\/1\/wp-json\/wp\/v2\/categories?post=126965"},{"taxonomy":"post_tag","embeddable":true,"href":"https:\/\/www.caririemacao.com\/1\/wp-json\/wp\/v2\/tags?post=126965"}],"curies":[{"name":"wp","href":"https:\/\/api.w.org\/{rel}","templated":true}]}}