{"id":126990,"date":"2019-10-16T08:44:19","date_gmt":"2019-10-16T11:44:19","guid":{"rendered":"http:\/\/www.caririemacao.com\/1\/?p=126990"},"modified":"2019-10-16T08:44:19","modified_gmt":"2019-10-16T11:44:19","slug":"pleno-do-tribunal-de-justica-da-paraiba-vai-decidir-sobre-desinstalacao-de-comarcas-nesta-quarta-16","status":"publish","type":"post","link":"https:\/\/www.caririemacao.com\/1\/2019\/10\/16\/pleno-do-tribunal-de-justica-da-paraiba-vai-decidir-sobre-desinstalacao-de-comarcas-nesta-quarta-16\/","title":{"rendered":"Pleno do Tribunal de Justi\u00e7a da Para\u00edba vai decidir sobre desinstala\u00e7\u00e3o de comarcas nesta quarta (16)"},"content":{"rendered":"\n<p>Est\u00e1 na pauta desta quarta-feira (16) a desinstala\u00e7\u00e3o de 16 comarcas em todo Estado, pelo Tribunal de Justi\u00e7a de Para\u00edba. A proposta que foi aprovada pelos comit\u00eas agora vai para vota\u00e7\u00e3o e ser\u00e1 decidida pelos desembargadores.<\/p>\n\n\n\n<p>No Cariri, tr\u00eas cidades correm o risco de perder suas comarcas: Cabaceiras, S\u00e3o Jo\u00e3o do Cariri e Prata. Ambos os munic\u00edpios se manifestaram e fizeram suas justificativas e hoje chegou o dia para saber se as comarcas permanecer\u00e3o ou ser\u00e3o desinstaladas.<\/p>\n\n\n\n<p>Se o Tribunal de Justi\u00e7a decidir pela desinstala\u00e7\u00e3o, a Comarca de Cabaceiras de vai para Boqueir\u00e3o, S\u00e3o Jo\u00e3o do Cariri segue para Serra Branca e Prata para Sum\u00e9.<\/p>\n\n\n\n<p>Alguns deputados estaduais acreditam que as comarcas sendo desinstaladas causar\u00e3o um preju\u00edzo enorme a sociedade.<\/p>\n\n\n\n<table class=\"wp-block-table\"><tbody><tr><td><strong>Comarca sujeita a desinstala\u00e7\u00e3o<\/strong><\/td><td><strong>Comarca que dever\u00e1 agregar a desinstalada<\/strong><\/td><\/tr><tr><td>Ara\u00e7agi<\/td><td>Guarabira<\/td><\/tr><tr><td>Arara<\/td><td>Sol\u00e2nea<\/td><\/tr><tr><td>Barra de Santa Rosa<\/td><td>Cuit\u00e9<\/td><\/tr><tr><td>Bonito de Santa F\u00e9<\/td><td>S\u00e3o Jos\u00e9 de Piranhas<\/td><\/tr><tr><td><strong>Cabaceiras<\/strong><\/td><td><strong>Boqueir\u00e3o<\/strong><\/td><\/tr><tr><td>Cacimba de Dentro<\/td><td>Araruna<\/td><\/tr><tr><td>Cai\u00e7ara<\/td><td>Bel\u00e9m<\/td><\/tr><tr><td>Malta<\/td><td>Patos<\/td><\/tr><tr><td>Paulista<\/td><td>S\u00e3o Bento<\/td><\/tr><tr><td>Pil\u00f5es<\/td><td>Guarabira<\/td><\/tr><tr><td><strong>Prata<\/strong><\/td><td><strong>Sum\u00e9<\/strong><\/td><\/tr><tr><td>Santana dos Garrotes<\/td><td>Pianc\u00f3<\/td><\/tr><tr><td>S\u00e3o Mamede<\/td><td>Patos<\/td><\/tr><tr><td><strong>S\u00e3o Jo\u00e3o do Cariri<\/strong><\/td><td><strong>Serra Branca<\/strong><\/td><\/tr><tr><td>Serraria<\/td><td>Bananeiras<\/td><\/tr><tr><td>Brejo do Cruz<\/td><td>Catol\u00e9 do Rocha<\/td><\/tr><\/tbody><\/table>\n\n\n\n<p><strong>Blog do Bruno Lira<\/strong><\/p>\n","protected":false},"excerpt":{"rendered":"<p>Est\u00e1 na pauta desta quarta-feira (16) a desinstala\u00e7\u00e3o de 16 comarcas em todo Estado, pelo Tribunal de Justi\u00e7a de Para\u00edba. A proposta que foi aprovada&hellip; <\/p>\n","protected":false},"author":1,"featured_media":126991,"comment_status":"closed","ping_status":"closed","sticky":false,"template":"","format":"standard","meta":{"sfsi_plus_gutenberg_text_before_share":"","sfsi_plus_gutenberg_show_text_before_share":"","sfsi_plus_gutenberg_icon_type":"","sfsi_plus_gutenberg_icon_alignemt":"","sfsi_plus_gutenburg_max_per_row":"","footnotes":""},"categories":[2],"tags":[],"class_list":["post-126990","post","type-post","status-publish","format-standard","has-post-thumbnail","hentry","category-geral"],"_links":{"self":[{"href":"https:\/\/www.caririemacao.com\/1\/wp-json\/wp\/v2\/posts\/126990","targetHints":{"allow":["GET"]}}],"collection":[{"href":"https:\/\/www.caririemacao.com\/1\/wp-json\/wp\/v2\/posts"}],"about":[{"href":"https:\/\/www.caririemacao.com\/1\/wp-json\/wp\/v2\/types\/post"}],"author":[{"embeddable":true,"href":"https:\/\/www.caririemacao.com\/1\/wp-json\/wp\/v2\/users\/1"}],"replies":[{"embeddable":true,"href":"https:\/\/www.caririemacao.com\/1\/wp-json\/wp\/v2\/comments?post=126990"}],"version-history":[{"count":1,"href":"https:\/\/www.caririemacao.com\/1\/wp-json\/wp\/v2\/posts\/126990\/revisions"}],"predecessor-version":[{"id":126992,"href":"https:\/\/www.caririemacao.com\/1\/wp-json\/wp\/v2\/posts\/126990\/revisions\/126992"}],"wp:featuredmedia":[{"embeddable":true,"href":"https:\/\/www.caririemacao.com\/1\/wp-json\/wp\/v2\/media\/126991"}],"wp:attachment":[{"href":"https:\/\/www.caririemacao.com\/1\/wp-json\/wp\/v2\/media?parent=126990"}],"wp:term":[{"taxonomy":"category","embeddable":true,"href":"https:\/\/www.caririemacao.com\/1\/wp-json\/wp\/v2\/categories?post=126990"},{"taxonomy":"post_tag","embeddable":true,"href":"https:\/\/www.caririemacao.com\/1\/wp-json\/wp\/v2\/tags?post=126990"}],"curies":[{"name":"wp","href":"https:\/\/api.w.org\/{rel}","templated":true}]}}