{"id":126994,"date":"2019-10-16T08:45:45","date_gmt":"2019-10-16T11:45:45","guid":{"rendered":"http:\/\/www.caririemacao.com\/1\/?p=126994"},"modified":"2019-10-16T08:45:45","modified_gmt":"2019-10-16T11:45:45","slug":"correios-anunciam-reajuste-no-preco-de-seus-servicos","status":"publish","type":"post","link":"https:\/\/www.caririemacao.com\/1\/2019\/10\/16\/correios-anunciam-reajuste-no-preco-de-seus-servicos\/","title":{"rendered":"Correios anunciam reajuste no pre\u00e7o de seus servi\u00e7os"},"content":{"rendered":"\n<p>A Empresa Brasileira de Correios e Tel\u00e9grafos (ECT), o Correios, reajustou os pre\u00e7os dos servi\u00e7os de postagem de encomendas entre 5,94% e 9%.<\/p>\n\n\n\n<p>Este \u00e9 o segundo aumento do ano, sendo que o anterior, realizado em mar\u00e7o, elevou as tarifas em 8,03%.<\/p>\n\n\n\n<p>Segundo o jornal Valor Econ\u00f4mico, a estatal informou que a medida tem \u201co objetivo de contribuir para a manuten\u00e7\u00e3o da presta\u00e7\u00e3o dos servi\u00e7os de encomendas\u201d.<\/p>\n","protected":false},"excerpt":{"rendered":"<p>A Empresa Brasileira de Correios e Tel\u00e9grafos (ECT), o Correios, reajustou os pre\u00e7os dos servi\u00e7os de postagem de encomendas entre 5,94% e 9%. Este \u00e9&hellip; <\/p>\n","protected":false},"author":1,"featured_media":42439,"comment_status":"closed","ping_status":"closed","sticky":false,"template":"","format":"standard","meta":{"sfsi_plus_gutenberg_text_before_share":"","sfsi_plus_gutenberg_show_text_before_share":"","sfsi_plus_gutenberg_icon_type":"","sfsi_plus_gutenberg_icon_alignemt":"","sfsi_plus_gutenburg_max_per_row":"","footnotes":""},"categories":[2],"tags":[],"class_list":["post-126994","post","type-post","status-publish","format-standard","has-post-thumbnail","hentry","category-geral"],"_links":{"self":[{"href":"https:\/\/www.caririemacao.com\/1\/wp-json\/wp\/v2\/posts\/126994","targetHints":{"allow":["GET"]}}],"collection":[{"href":"https:\/\/www.caririemacao.com\/1\/wp-json\/wp\/v2\/posts"}],"about":[{"href":"https:\/\/www.caririemacao.com\/1\/wp-json\/wp\/v2\/types\/post"}],"author":[{"embeddable":true,"href":"https:\/\/www.caririemacao.com\/1\/wp-json\/wp\/v2\/users\/1"}],"replies":[{"embeddable":true,"href":"https:\/\/www.caririemacao.com\/1\/wp-json\/wp\/v2\/comments?post=126994"}],"version-history":[{"count":1,"href":"https:\/\/www.caririemacao.com\/1\/wp-json\/wp\/v2\/posts\/126994\/revisions"}],"predecessor-version":[{"id":126995,"href":"https:\/\/www.caririemacao.com\/1\/wp-json\/wp\/v2\/posts\/126994\/revisions\/126995"}],"wp:featuredmedia":[{"embeddable":true,"href":"https:\/\/www.caririemacao.com\/1\/wp-json\/wp\/v2\/media\/42439"}],"wp:attachment":[{"href":"https:\/\/www.caririemacao.com\/1\/wp-json\/wp\/v2\/media?parent=126994"}],"wp:term":[{"taxonomy":"category","embeddable":true,"href":"https:\/\/www.caririemacao.com\/1\/wp-json\/wp\/v2\/categories?post=126994"},{"taxonomy":"post_tag","embeddable":true,"href":"https:\/\/www.caririemacao.com\/1\/wp-json\/wp\/v2\/tags?post=126994"}],"curies":[{"name":"wp","href":"https:\/\/api.w.org\/{rel}","templated":true}]}}