{"id":126998,"date":"2019-10-16T08:47:33","date_gmt":"2019-10-16T11:47:33","guid":{"rendered":"http:\/\/www.caririemacao.com\/1\/?p=126998"},"modified":"2019-10-16T08:47:33","modified_gmt":"2019-10-16T11:47:33","slug":"concurso-publico-com-mil-vagas-para-professor-deve-acontecer-em-2020-na-paraiba","status":"publish","type":"post","link":"https:\/\/www.caririemacao.com\/1\/2019\/10\/16\/concurso-publico-com-mil-vagas-para-professor-deve-acontecer-em-2020-na-paraiba\/","title":{"rendered":"Concurso p\u00fablico com mil vagas para professor deve acontecer em 2020 na Para\u00edba"},"content":{"rendered":"\n<p>Um novo concurso p\u00fablico com mil vagas&nbsp;para o cargo de professor da rede Estadual de Educa\u00e7\u00e3o da Para\u00edba est\u00e1 previsto para o come\u00e7o do ano de 2020. O&nbsp;secret\u00e1rio de Educa\u00e7\u00e3o, Cl\u00e1udio Furtado informou que&nbsp;j\u00e1 existe o planejamento&nbsp;e a parte burocr\u00e1tica est\u00e1 sendo providenciada para que o edital seja lan\u00e7ado.&nbsp;<\/p>\n\n\n\n<p>Em janeiro de 2020, os aprovados do concurso realizado em 2019 devem come\u00e7ar a atuar.&nbsp;<\/p>\n\n\n\n<p>O secret\u00e1rio informou ainda que o o c\u00e1lculo de vagas foi feito de acordo com as necessidades das escolas.&nbsp;<\/p>\n\n\n\n<p>O governador Jo\u00e3o Azev\u00eado afirmou que durante os quatro anos de gest\u00e3o seriam realizados anualmente concurso p\u00fablico para o magist\u00e9rio, o que totalizariam quatro mil vagas at\u00e9 2022.&nbsp;<br><\/p>\n","protected":false},"excerpt":{"rendered":"<p>Um novo concurso p\u00fablico com mil vagas&nbsp;para o cargo de professor da rede Estadual de Educa\u00e7\u00e3o da Para\u00edba est\u00e1 previsto para o come\u00e7o do ano&hellip; <\/p>\n","protected":false},"author":1,"featured_media":97668,"comment_status":"closed","ping_status":"closed","sticky":false,"template":"","format":"standard","meta":{"sfsi_plus_gutenberg_text_before_share":"","sfsi_plus_gutenberg_show_text_before_share":"","sfsi_plus_gutenberg_icon_type":"","sfsi_plus_gutenberg_icon_alignemt":"","sfsi_plus_gutenburg_max_per_row":"","footnotes":""},"categories":[2],"tags":[],"class_list":["post-126998","post","type-post","status-publish","format-standard","has-post-thumbnail","hentry","category-geral"],"_links":{"self":[{"href":"https:\/\/www.caririemacao.com\/1\/wp-json\/wp\/v2\/posts\/126998","targetHints":{"allow":["GET"]}}],"collection":[{"href":"https:\/\/www.caririemacao.com\/1\/wp-json\/wp\/v2\/posts"}],"about":[{"href":"https:\/\/www.caririemacao.com\/1\/wp-json\/wp\/v2\/types\/post"}],"author":[{"embeddable":true,"href":"https:\/\/www.caririemacao.com\/1\/wp-json\/wp\/v2\/users\/1"}],"replies":[{"embeddable":true,"href":"https:\/\/www.caririemacao.com\/1\/wp-json\/wp\/v2\/comments?post=126998"}],"version-history":[{"count":1,"href":"https:\/\/www.caririemacao.com\/1\/wp-json\/wp\/v2\/posts\/126998\/revisions"}],"predecessor-version":[{"id":126999,"href":"https:\/\/www.caririemacao.com\/1\/wp-json\/wp\/v2\/posts\/126998\/revisions\/126999"}],"wp:featuredmedia":[{"embeddable":true,"href":"https:\/\/www.caririemacao.com\/1\/wp-json\/wp\/v2\/media\/97668"}],"wp:attachment":[{"href":"https:\/\/www.caririemacao.com\/1\/wp-json\/wp\/v2\/media?parent=126998"}],"wp:term":[{"taxonomy":"category","embeddable":true,"href":"https:\/\/www.caririemacao.com\/1\/wp-json\/wp\/v2\/categories?post=126998"},{"taxonomy":"post_tag","embeddable":true,"href":"https:\/\/www.caririemacao.com\/1\/wp-json\/wp\/v2\/tags?post=126998"}],"curies":[{"name":"wp","href":"https:\/\/api.w.org\/{rel}","templated":true}]}}