{"id":127001,"date":"2019-10-16T08:49:27","date_gmt":"2019-10-16T11:49:27","guid":{"rendered":"http:\/\/www.caririemacao.com\/1\/?p=127001"},"modified":"2019-10-16T08:49:27","modified_gmt":"2019-10-16T11:49:27","slug":"estudante-paraibano-de-8-anos-ganha-medalha-de-ouro-em-olimpiada-brasileira-de-robotica","status":"publish","type":"post","link":"https:\/\/www.caririemacao.com\/1\/2019\/10\/16\/estudante-paraibano-de-8-anos-ganha-medalha-de-ouro-em-olimpiada-brasileira-de-robotica\/","title":{"rendered":"Estudante paraibano de 8 anos ganha medalha de ouro em Olimp\u00edada Brasileira de Rob\u00f3tica"},"content":{"rendered":"\n<p>O estudante paraibano Yan Gabriel da Costa, de 8 anos, conquistou uma medalha de ouro na Olimp\u00edada Brasileira de Rob\u00f3tica.<\/p>\n\n\n\n<p>A vit\u00f3ria inclui a maior nota nacional e certificado de honra ao m\u00e9rito a n\u00edvel municipal, estadual e nacional.<\/p>\n\n\n\n<p>\u00c9 o terceiro ano consecutivo em que o estudante atinge a maior coloca\u00e7\u00e3o na competi\u00e7\u00e3o nacional.&nbsp;<\/p>\n\n\n\n<p>Ele est\u00e1 classificado para a Etapa Regional da Olimp\u00edada Brasileira de Rob\u00f3tica e vai representar a Para\u00edba no Rio Grande do Sul. Ele tamb\u00e9m foi convidado a participar da Olimp\u00edada Internacional de Rob\u00f3tica na modalidade te\u00f3rica.<\/p>\n\n\n\n<p>Natural de Campina Grane, Yan Gabriel da Costa \u00e9 fascinado por leitura e exibe um amplo dom\u00ednio das ci\u00eancias exatas.<\/p>\n\n\n\n<p>&#8220;Eu n\u00e3o sei muito bem o que ser quando for adulto, se nada mais der certo, vou ser Juiz&#8221;, diz o estudante.<\/p>\n","protected":false},"excerpt":{"rendered":"<p>O estudante paraibano Yan Gabriel da Costa, de 8 anos, conquistou uma medalha de ouro na Olimp\u00edada Brasileira de Rob\u00f3tica. A vit\u00f3ria inclui a maior&hellip; <\/p>\n","protected":false},"author":1,"featured_media":127002,"comment_status":"closed","ping_status":"closed","sticky":false,"template":"","format":"standard","meta":{"sfsi_plus_gutenberg_text_before_share":"","sfsi_plus_gutenberg_show_text_before_share":"","sfsi_plus_gutenberg_icon_type":"","sfsi_plus_gutenberg_icon_alignemt":"","sfsi_plus_gutenburg_max_per_row":"","footnotes":""},"categories":[14],"tags":[],"class_list":["post-127001","post","type-post","status-publish","format-standard","has-post-thumbnail","hentry","category-educacao"],"_links":{"self":[{"href":"https:\/\/www.caririemacao.com\/1\/wp-json\/wp\/v2\/posts\/127001","targetHints":{"allow":["GET"]}}],"collection":[{"href":"https:\/\/www.caririemacao.com\/1\/wp-json\/wp\/v2\/posts"}],"about":[{"href":"https:\/\/www.caririemacao.com\/1\/wp-json\/wp\/v2\/types\/post"}],"author":[{"embeddable":true,"href":"https:\/\/www.caririemacao.com\/1\/wp-json\/wp\/v2\/users\/1"}],"replies":[{"embeddable":true,"href":"https:\/\/www.caririemacao.com\/1\/wp-json\/wp\/v2\/comments?post=127001"}],"version-history":[{"count":1,"href":"https:\/\/www.caririemacao.com\/1\/wp-json\/wp\/v2\/posts\/127001\/revisions"}],"predecessor-version":[{"id":127003,"href":"https:\/\/www.caririemacao.com\/1\/wp-json\/wp\/v2\/posts\/127001\/revisions\/127003"}],"wp:featuredmedia":[{"embeddable":true,"href":"https:\/\/www.caririemacao.com\/1\/wp-json\/wp\/v2\/media\/127002"}],"wp:attachment":[{"href":"https:\/\/www.caririemacao.com\/1\/wp-json\/wp\/v2\/media?parent=127001"}],"wp:term":[{"taxonomy":"category","embeddable":true,"href":"https:\/\/www.caririemacao.com\/1\/wp-json\/wp\/v2\/categories?post=127001"},{"taxonomy":"post_tag","embeddable":true,"href":"https:\/\/www.caririemacao.com\/1\/wp-json\/wp\/v2\/tags?post=127001"}],"curies":[{"name":"wp","href":"https:\/\/api.w.org\/{rel}","templated":true}]}}