{"id":127006,"date":"2019-10-16T08:51:41","date_gmt":"2019-10-16T11:51:41","guid":{"rendered":"http:\/\/www.caririemacao.com\/1\/?p=127006"},"modified":"2019-10-16T08:51:41","modified_gmt":"2019-10-16T11:51:41","slug":"bolsonaro-vai-ao-japao-para-incentivar-comercio-e-buscar-investimentos","status":"publish","type":"post","link":"https:\/\/www.caririemacao.com\/1\/2019\/10\/16\/bolsonaro-vai-ao-japao-para-incentivar-comercio-e-buscar-investimentos\/","title":{"rendered":"Bolsonaro vai ao Jap\u00e3o para incentivar com\u00e9rcio e buscar investimentos"},"content":{"rendered":"\n<p>O presidente Jair Bolsonaro inicia, dentro de uma semana, visita oficial ao Jap\u00e3o e \u00e0 China, com o objetivo de consolidar o com\u00e9rcio com essas duas na\u00e7\u00f5es l\u00edderes da economia global e de dar uma sinaliza\u00e7\u00e3o para o mundo de que o Brasil est\u00e1 comprometido com a abertura econ\u00f4mica, com o ambiente de neg\u00f3cios e com o programa de reformas, disse o secret\u00e1rio de negocia\u00e7\u00f5es bilaterais na \u00c1sia, Pac\u00edfico e R\u00fassia do Itamaraty, embaixador Reinaldo Jos\u00e9 de Almeida Salgado.<\/p>\n\n\n\n<p>Juntos, Jap\u00e3o e China t\u00eam um estoque de US$ 100 bilh\u00f5es em investimentos no Brasil. A \u00c1sia lidera as exporta\u00e7\u00f5es e importa\u00e7\u00f5es brasileiras. S\u00f3 nos primeiros nove meses de 2019, 40% das exporta\u00e7\u00f5es brasileiras foram destinadas \u00e0 regi\u00e3o, ao mesmo tempo em que 33% das importa\u00e7\u00f5es brasileiras vieram da \u00c1sia.<\/p>\n\n\n\n<p>A visita do presidente Bolsonaro come\u00e7ar\u00e1 pelo Jap\u00e3o. O programa do presidente brasileiro inclui o evento de entroniza\u00e7\u00e3o do imperador Naruhito. em 22 de outubro, seguido de um banquete oferecido a todos os presidentes pelo primeiro-ministro japon\u00eas Shinzo Abe em 23 de outubro. No mesmo dia, haver\u00e1 uma reuni\u00e3o de Bolsonaro com os membros do grupo de not\u00e1veis, formada pelos dirigentes das principais empresas do Jap\u00e3o (Mitsui, Toyota, Honda, Mitsubishi etc). \u201cO prato mais forte ser\u00e3o os investimentos [para o futuro]\u201d, afirmou o embaixador Reinaldo Salgado.<\/p>\n\n\n\n<p><strong>Acordo Comercial<\/strong><\/p>\n\n\n\n<p>Segundo ele, tanto o Brasil quanto o Jap\u00e3o t\u00eam interesse em retomar o dinamismo do com\u00e9rcio bilateral. Os dois pa\u00edses, juntamente com os outros integrantes do Mercosul, pretendem inclusive iniciar as negocia\u00e7\u00f5es em breve para a assinatura de um acordo comercial que inclua os pa\u00edses do Mercosul e o Jap\u00e3o.<\/p>\n\n\n\n<p>De acordo com o embaixador Reinaldo Salgado, o com\u00e9rcio entre os dois pa\u00edses atingiu US$ 7 bilh\u00f5es de janeiro a setembro deste ano, o que significa um crescimento de 15%. \u201cN\u00e3o \u00e9 ruim. O que \u00e9 ruim \u00e9 que esse n\u00famero \u00e9 declinante [nos \u00faltimos anos]\u201d, afirmou o diplomata. Em 2011, os n\u00fameros do com\u00e9rcio bilateral eram duas vezes maior que os de hoje, observou.<\/p>\n\n\n\n<p>Para o embaixador Reinaldo Salgado, o Jap\u00e3o, que antes n\u00e3o era um pa\u00eds favor\u00e1vel a acordos comerciais, agora est\u00e1 tamb\u00e9m favor\u00e1vel a buscar uma negocia\u00e7\u00e3o com o Brasil. Conforme disse, c\u00e1lculos realizados por consultorias japonesas alertam que, do ponto de vista do Jap\u00e3o, o acordo Uni\u00e3o Europeia-Mercosul retira for\u00e7a do mercado exportador japon\u00eas. De acordo com esses estudos, 97% das exporta\u00e7\u00f5es da Uni\u00e3o Europeia para o Brasil correspondem a produtos que j\u00e1 s\u00e3o exportados pelo Jap\u00e3o para o mercado brasileiro.<\/p>\n\n\n\n<p><strong>China<\/strong><\/p>\n\n\n\n<p>O presidente brasileiro seguir\u00e1 do Jap\u00e3o para a China. Na China, Bolsonaro cumprir\u00e1 programa de encontro com autoridades do pa\u00edses asi\u00e1ticos nos dias 24 e 25 de outubro. A visita \u00e0 China constituir\u00e1 o prosseguimento de uma extensa agenda de visitas m\u00fatuas de autoridades dos dois pa\u00edses, afirmou o embaixador.<\/p>\n\n\n\n<p>Al\u00e9m de ministros brasileiros que foram \u00e0 China e de autoridades chinesas que vieram ao Brasil, o embaixador citou a visita do vice-presidente feita pelo vice-presidente Hamilton Mour\u00e3o, em maio, para o pa\u00eds asi\u00e1tico. Ele lembrou que o vice-presidente copresidiu uma comiss\u00e3o bilateral sino-brasileira de alto n\u00edvel e coordenou as atividades de 12 subcomiss\u00f5es.<\/p>\n\n\n\n<p>\u201cA visita do presidente Bolsonaro celebra os 45 anos de rela\u00e7\u00f5es diplom\u00e1ticas Brasil-China\u201d, disse o embaixador Reinaldo Salgado. Segundo ele, haver\u00e1 um encontro de empres\u00e1rios e de brasileiros e chineses promovido pela Apex-Brasil, a ag\u00eancia que promove as exporta\u00e7\u00f5es brasileiras. O diplomata disse que a amplia\u00e7\u00e3o das exporta\u00e7\u00f5es brasileiras para a China e para o resto do continente asi\u00e1tico \u00e9 feito por meio desses encontros, que ajudam a remover dificuldades nas exporta\u00e7\u00f5es e a atrair investimentos.<\/p>\n","protected":false},"excerpt":{"rendered":"<p>O presidente Jair Bolsonaro inicia, dentro de uma semana, visita oficial ao Jap\u00e3o e \u00e0 China, com o objetivo de consolidar o com\u00e9rcio com essas&hellip; <\/p>\n","protected":false},"author":1,"featured_media":111985,"comment_status":"closed","ping_status":"closed","sticky":false,"template":"","format":"standard","meta":{"sfsi_plus_gutenberg_text_before_share":"","sfsi_plus_gutenberg_show_text_before_share":"","sfsi_plus_gutenberg_icon_type":"","sfsi_plus_gutenberg_icon_alignemt":"","sfsi_plus_gutenburg_max_per_row":"","footnotes":""},"categories":[11],"tags":[],"class_list":["post-127006","post","type-post","status-publish","format-standard","has-post-thumbnail","hentry","category-politica"],"_links":{"self":[{"href":"https:\/\/www.caririemacao.com\/1\/wp-json\/wp\/v2\/posts\/127006","targetHints":{"allow":["GET"]}}],"collection":[{"href":"https:\/\/www.caririemacao.com\/1\/wp-json\/wp\/v2\/posts"}],"about":[{"href":"https:\/\/www.caririemacao.com\/1\/wp-json\/wp\/v2\/types\/post"}],"author":[{"embeddable":true,"href":"https:\/\/www.caririemacao.com\/1\/wp-json\/wp\/v2\/users\/1"}],"replies":[{"embeddable":true,"href":"https:\/\/www.caririemacao.com\/1\/wp-json\/wp\/v2\/comments?post=127006"}],"version-history":[{"count":1,"href":"https:\/\/www.caririemacao.com\/1\/wp-json\/wp\/v2\/posts\/127006\/revisions"}],"predecessor-version":[{"id":127007,"href":"https:\/\/www.caririemacao.com\/1\/wp-json\/wp\/v2\/posts\/127006\/revisions\/127007"}],"wp:featuredmedia":[{"embeddable":true,"href":"https:\/\/www.caririemacao.com\/1\/wp-json\/wp\/v2\/media\/111985"}],"wp:attachment":[{"href":"https:\/\/www.caririemacao.com\/1\/wp-json\/wp\/v2\/media?parent=127006"}],"wp:term":[{"taxonomy":"category","embeddable":true,"href":"https:\/\/www.caririemacao.com\/1\/wp-json\/wp\/v2\/categories?post=127006"},{"taxonomy":"post_tag","embeddable":true,"href":"https:\/\/www.caririemacao.com\/1\/wp-json\/wp\/v2\/tags?post=127006"}],"curies":[{"name":"wp","href":"https:\/\/api.w.org\/{rel}","templated":true}]}}