{"id":127009,"date":"2019-10-16T08:53:22","date_gmt":"2019-10-16T11:53:22","guid":{"rendered":"http:\/\/www.caririemacao.com\/1\/?p=127009"},"modified":"2019-10-16T08:53:22","modified_gmt":"2019-10-16T11:53:22","slug":"irma-dulce-levou-esperanca-para-muita-gente-diz-bolsonaro","status":"publish","type":"post","link":"https:\/\/www.caririemacao.com\/1\/2019\/10\/16\/irma-dulce-levou-esperanca-para-muita-gente-diz-bolsonaro\/","title":{"rendered":"&#8220;Irm\u00e3 Dulce levou esperan\u00e7a para muita gente&#8221;, diz Bolsonaro"},"content":{"rendered":"\n<p>O presidente Jair Bolsonaro saudou hoje (15) o trabalho social da Irm\u00e3 Dulce, canonizada no \u00faltimo domingo (13), em cerim\u00f4nia conduzida pelo papa Francisco no Vaticano, tornando-se a primeira santa brasileira.<\/p>\n\n\n\n<p>&#8220;Primeiramente, temos uma santa brasileira, Irm\u00e3 Dulce dos Pobres. O que fica da obra dela \u00e9 n\u00f3s tentarmos ser, pelo menos um dia por ano, o que foi Irm\u00e3 Dulce, uma mulher que levou esperan\u00e7a para muita gente, com seu sacrif\u00edcio, sua abnega\u00e7\u00e3o e seu determinismo&#8221;, disse Bolsonaro durante cerim\u00f4nia no Pal\u00e1cio do Planalto que marcou a libera\u00e7\u00e3o de verbas para uma associa\u00e7\u00e3o que leva o nome da santa. &#8220;Estamos muito felizes neste momento, afinal de contas, uma parte consider\u00e1vel da popula\u00e7\u00e3o brasileira \u00e9 cat\u00f3lica, e a grande parte \u00e9 crist\u00e3&#8221;, acrescentou.<\/p>\n\n\n\n<p>Na solenidade, o ministro da Sa\u00fade, Luiz Henrique Mandetta, assinou portaria que autoriza o repasse de R$ 18 milh\u00f5es ao Hospital Santo Ant\u00f4nio (HSA) \u2013 Associa\u00e7\u00e3o Obras Sociais Irm\u00e3 Dulce (OSID). A unidade de sa\u00fade \u00e9 considerada o cora\u00e7\u00e3o das obras sociais Irm\u00e3 Dulce, em Salvador.<\/p>\n\n\n\n<p>O recurso federal ser\u00e1 destinado ao custeio de estudos e pesquisas em sa\u00fade, \u00e0 manuten\u00e7\u00e3o e reforma do hospital e \u00e0 capacita\u00e7\u00e3o de recursos humanos. Atualmente, o complexo hospitalar realiza mais de 2 milh\u00f5es de atendimentos por ano, pelo Sistema \u00danico de Sa\u00fade (SUS).&nbsp;<\/p>\n\n\n\n<p>Ao todo, o HSA disp\u00f5e de 954 leitos, que registram uma m\u00e9dia de 17 mil interna\u00e7\u00f5es e 12 mil cirurgias anuais. Al\u00e9m de um Centro de Tratamento Intensivo, o hospital oferece atendimento em 17 especialidades.<\/p>\n\n\n\n<p>A unidade tamb\u00e9m \u00e9 refer\u00eancia em reabilita\u00e7\u00e3o f\u00edsica, intelectual, auditiva e visual e em desintoxica\u00e7\u00e3o e tratamento a usu\u00e1rios de \u00e1lcool. Por m\u00eas, s\u00e3o realizados 9,3 mil atendimentos para o tratamento do c\u00e2ncer. Al\u00e9m do atendimento em sa\u00fade, o Hospital Santo Ant\u00f4nio atua no ensino em sa\u00fade, com a oferta de resid\u00eancia m\u00e9dica e multiprofissional, e ensino em enfermagem.<\/p>\n","protected":false},"excerpt":{"rendered":"<p>O presidente Jair Bolsonaro saudou hoje (15) o trabalho social da Irm\u00e3 Dulce, canonizada no \u00faltimo domingo (13), em cerim\u00f4nia conduzida pelo papa Francisco no&hellip; <\/p>\n","protected":false},"author":1,"featured_media":95049,"comment_status":"closed","ping_status":"closed","sticky":false,"template":"","format":"standard","meta":{"sfsi_plus_gutenberg_text_before_share":"","sfsi_plus_gutenberg_show_text_before_share":"","sfsi_plus_gutenberg_icon_type":"","sfsi_plus_gutenberg_icon_alignemt":"","sfsi_plus_gutenburg_max_per_row":"","footnotes":""},"categories":[2],"tags":[],"class_list":["post-127009","post","type-post","status-publish","format-standard","has-post-thumbnail","hentry","category-geral"],"_links":{"self":[{"href":"https:\/\/www.caririemacao.com\/1\/wp-json\/wp\/v2\/posts\/127009","targetHints":{"allow":["GET"]}}],"collection":[{"href":"https:\/\/www.caririemacao.com\/1\/wp-json\/wp\/v2\/posts"}],"about":[{"href":"https:\/\/www.caririemacao.com\/1\/wp-json\/wp\/v2\/types\/post"}],"author":[{"embeddable":true,"href":"https:\/\/www.caririemacao.com\/1\/wp-json\/wp\/v2\/users\/1"}],"replies":[{"embeddable":true,"href":"https:\/\/www.caririemacao.com\/1\/wp-json\/wp\/v2\/comments?post=127009"}],"version-history":[{"count":1,"href":"https:\/\/www.caririemacao.com\/1\/wp-json\/wp\/v2\/posts\/127009\/revisions"}],"predecessor-version":[{"id":127010,"href":"https:\/\/www.caririemacao.com\/1\/wp-json\/wp\/v2\/posts\/127009\/revisions\/127010"}],"wp:featuredmedia":[{"embeddable":true,"href":"https:\/\/www.caririemacao.com\/1\/wp-json\/wp\/v2\/media\/95049"}],"wp:attachment":[{"href":"https:\/\/www.caririemacao.com\/1\/wp-json\/wp\/v2\/media?parent=127009"}],"wp:term":[{"taxonomy":"category","embeddable":true,"href":"https:\/\/www.caririemacao.com\/1\/wp-json\/wp\/v2\/categories?post=127009"},{"taxonomy":"post_tag","embeddable":true,"href":"https:\/\/www.caririemacao.com\/1\/wp-json\/wp\/v2\/tags?post=127009"}],"curies":[{"name":"wp","href":"https:\/\/api.w.org\/{rel}","templated":true}]}}