{"id":127012,"date":"2019-10-16T08:55:39","date_gmt":"2019-10-16T11:55:39","guid":{"rendered":"http:\/\/www.caririemacao.com\/1\/?p=127012"},"modified":"2019-10-16T08:55:39","modified_gmt":"2019-10-16T11:55:39","slug":"diario-bolsonaro-nomeia-novo-juiz-substituto-do-tre-da-paraiba","status":"publish","type":"post","link":"https:\/\/www.caririemacao.com\/1\/2019\/10\/16\/diario-bolsonaro-nomeia-novo-juiz-substituto-do-tre-da-paraiba\/","title":{"rendered":"Di\u00e1rio: Bolsonaro nomeia novo juiz substituto do TRE da Para\u00edba"},"content":{"rendered":"\n<p>O presidente da Rep\u00fablica, Jair Bolsonaro (PSL), nomeou Alfredo Gomes Neto para o cargo de juiz substituto do Tribunal Regional Eleitoral da Para\u00edba (TRE-PB). A informa\u00e7\u00e3o consta na edi\u00e7\u00e3o desta quarta-feira (16) do Di\u00e1rio Oficial da Uni\u00e3o.<\/p>\n\n\n\n<p>Gomes assume a vaga deixada de M\u00e1rcio Maranh\u00e3o Brasilino da Silva ap\u00f3s o t\u00e9rmino do primeiro mandato. Al\u00e9m de Maranh\u00e3o, A\u00e9cio de Souza Melo tamb\u00e9m deixou a condi\u00e7\u00e3o ocupada na Corte eleitoral.<\/p>\n\n\n\n<p>Em junho, Alfredo foi um dos nomes escolhidos pelo pleno do Tribunal de Justi\u00e7a da Para\u00edba (TJPB) para compor as listas tr\u00edplices para o preenchimento das duas vagas de membros substitutos, na categoria Jurista, do TRE.<\/p>\n\n\n\n<p><strong>MaisPB<\/strong><\/p>\n","protected":false},"excerpt":{"rendered":"<p>O presidente da Rep\u00fablica, Jair Bolsonaro (PSL), nomeou Alfredo Gomes Neto para o cargo de juiz substituto do Tribunal Regional Eleitoral da Para\u00edba (TRE-PB). A&hellip; <\/p>\n","protected":false},"author":1,"featured_media":127013,"comment_status":"closed","ping_status":"closed","sticky":false,"template":"","format":"standard","meta":{"sfsi_plus_gutenberg_text_before_share":"","sfsi_plus_gutenberg_show_text_before_share":"","sfsi_plus_gutenberg_icon_type":"","sfsi_plus_gutenberg_icon_alignemt":"","sfsi_plus_gutenburg_max_per_row":"","footnotes":""},"categories":[11],"tags":[],"class_list":["post-127012","post","type-post","status-publish","format-standard","has-post-thumbnail","hentry","category-politica"],"_links":{"self":[{"href":"https:\/\/www.caririemacao.com\/1\/wp-json\/wp\/v2\/posts\/127012","targetHints":{"allow":["GET"]}}],"collection":[{"href":"https:\/\/www.caririemacao.com\/1\/wp-json\/wp\/v2\/posts"}],"about":[{"href":"https:\/\/www.caririemacao.com\/1\/wp-json\/wp\/v2\/types\/post"}],"author":[{"embeddable":true,"href":"https:\/\/www.caririemacao.com\/1\/wp-json\/wp\/v2\/users\/1"}],"replies":[{"embeddable":true,"href":"https:\/\/www.caririemacao.com\/1\/wp-json\/wp\/v2\/comments?post=127012"}],"version-history":[{"count":1,"href":"https:\/\/www.caririemacao.com\/1\/wp-json\/wp\/v2\/posts\/127012\/revisions"}],"predecessor-version":[{"id":127014,"href":"https:\/\/www.caririemacao.com\/1\/wp-json\/wp\/v2\/posts\/127012\/revisions\/127014"}],"wp:featuredmedia":[{"embeddable":true,"href":"https:\/\/www.caririemacao.com\/1\/wp-json\/wp\/v2\/media\/127013"}],"wp:attachment":[{"href":"https:\/\/www.caririemacao.com\/1\/wp-json\/wp\/v2\/media?parent=127012"}],"wp:term":[{"taxonomy":"category","embeddable":true,"href":"https:\/\/www.caririemacao.com\/1\/wp-json\/wp\/v2\/categories?post=127012"},{"taxonomy":"post_tag","embeddable":true,"href":"https:\/\/www.caririemacao.com\/1\/wp-json\/wp\/v2\/tags?post=127012"}],"curies":[{"name":"wp","href":"https:\/\/api.w.org\/{rel}","templated":true}]}}