{"id":127019,"date":"2019-10-16T08:59:04","date_gmt":"2019-10-16T11:59:04","guid":{"rendered":"http:\/\/www.caririemacao.com\/1\/?p=127019"},"modified":"2019-10-16T08:59:04","modified_gmt":"2019-10-16T11:59:04","slug":"bolsonaro-anuncia-pagamento-do-13-aos-beneficiarios-do-bolsa-familia","status":"publish","type":"post","link":"https:\/\/www.caririemacao.com\/1\/2019\/10\/16\/bolsonaro-anuncia-pagamento-do-13-aos-beneficiarios-do-bolsa-familia\/","title":{"rendered":"Bolsonaro anuncia pagamento do 13\u00b0 aos benefici\u00e1rios do Bolsa Fam\u00edlia"},"content":{"rendered":"\n<p>O presidente Jair Bolsonaro participou&nbsp;na tarde de hoje (15) do an\u00fancio do 13\u00b0 sal\u00e1rio para benefici\u00e1rios do programa Bolsa Fam\u00edlia.<\/p>\n\n\n\n<p>Bolsonaro j\u00e1 havia adiantado a&nbsp;medida&nbsp;no in\u00edcio do governo. O pagamento do d\u00e9cimo terceiro ser\u00e1 feito no m\u00eas de dezembro. \u00c0 \u00e9poca, o Minist\u00e9rio da Cidadania, respons\u00e1vel pela gest\u00e3o do programa, informou que o custo total com o pagamento extra seria de R$ 2,5 bilh\u00f5es. Atualmente, mais de 13 milh\u00f5es de fam\u00edlias recebem o benef\u00edcio.<\/p>\n\n\n\n<p><em>Ag\u00eancia Brasil<\/em><br><\/p>\n","protected":false},"excerpt":{"rendered":"<p>O presidente Jair Bolsonaro participou&nbsp;na tarde de hoje (15) do an\u00fancio do 13\u00b0 sal\u00e1rio para benefici\u00e1rios do programa Bolsa Fam\u00edlia. Bolsonaro j\u00e1 havia adiantado a&nbsp;medida&nbsp;no&hellip; <\/p>\n","protected":false},"author":1,"featured_media":88412,"comment_status":"closed","ping_status":"closed","sticky":false,"template":"","format":"standard","meta":{"sfsi_plus_gutenberg_text_before_share":"","sfsi_plus_gutenberg_show_text_before_share":"","sfsi_plus_gutenberg_icon_type":"","sfsi_plus_gutenberg_icon_alignemt":"","sfsi_plus_gutenburg_max_per_row":"","footnotes":""},"categories":[11],"tags":[],"class_list":["post-127019","post","type-post","status-publish","format-standard","has-post-thumbnail","hentry","category-politica"],"_links":{"self":[{"href":"https:\/\/www.caririemacao.com\/1\/wp-json\/wp\/v2\/posts\/127019","targetHints":{"allow":["GET"]}}],"collection":[{"href":"https:\/\/www.caririemacao.com\/1\/wp-json\/wp\/v2\/posts"}],"about":[{"href":"https:\/\/www.caririemacao.com\/1\/wp-json\/wp\/v2\/types\/post"}],"author":[{"embeddable":true,"href":"https:\/\/www.caririemacao.com\/1\/wp-json\/wp\/v2\/users\/1"}],"replies":[{"embeddable":true,"href":"https:\/\/www.caririemacao.com\/1\/wp-json\/wp\/v2\/comments?post=127019"}],"version-history":[{"count":1,"href":"https:\/\/www.caririemacao.com\/1\/wp-json\/wp\/v2\/posts\/127019\/revisions"}],"predecessor-version":[{"id":127020,"href":"https:\/\/www.caririemacao.com\/1\/wp-json\/wp\/v2\/posts\/127019\/revisions\/127020"}],"wp:featuredmedia":[{"embeddable":true,"href":"https:\/\/www.caririemacao.com\/1\/wp-json\/wp\/v2\/media\/88412"}],"wp:attachment":[{"href":"https:\/\/www.caririemacao.com\/1\/wp-json\/wp\/v2\/media?parent=127019"}],"wp:term":[{"taxonomy":"category","embeddable":true,"href":"https:\/\/www.caririemacao.com\/1\/wp-json\/wp\/v2\/categories?post=127019"},{"taxonomy":"post_tag","embeddable":true,"href":"https:\/\/www.caririemacao.com\/1\/wp-json\/wp\/v2\/tags?post=127019"}],"curies":[{"name":"wp","href":"https:\/\/api.w.org\/{rel}","templated":true}]}}