{"id":127022,"date":"2019-10-16T09:01:28","date_gmt":"2019-10-16T12:01:28","guid":{"rendered":"http:\/\/www.caririemacao.com\/1\/?p=127022"},"modified":"2019-10-16T09:01:28","modified_gmt":"2019-10-16T12:01:28","slug":"alunos-nota-10-recebem-premiacao-das-maos-da-prefeita-anna-lorena","status":"publish","type":"post","link":"https:\/\/www.caririemacao.com\/1\/2019\/10\/16\/alunos-nota-10-recebem-premiacao-das-maos-da-prefeita-anna-lorena\/","title":{"rendered":"Alunos Nota 10 recebem premia\u00e7\u00e3o das m\u00e3os da prefeita Anna Lorena"},"content":{"rendered":"\n<p>\n\nDurante a Festa do Dia das Crian\u00e7as, que aconteceu no \u00faltimo s\u00e1bado em Monteiro, 18 alunos oriundos das escolas da Rede Municipal receberam a premia\u00e7\u00e3o do Aluno Nota 10, avalia\u00e7\u00e3o que \u00e9 feita todos os anos no munic\u00edpio.Cada escola selecionou o aluno que mais se destacou no ano, levando em conta fatores como notas e comportamento, para receber uma bicicleta como forma de estimular, promover e reconhecer todo o esfor\u00e7o, a dedica\u00e7\u00e3o e o empenho dos estudantes do munic\u00edpio.<\/p>\n\n\n\n<div class=\"wp-block-image\"><figure class=\"alignleft\"><img decoding=\"async\" data-src=\"https:\/\/i2.wp.com\/www.vitrinedocariri.com.br\/wp-content\/uploads\/2019\/10\/Alunos-Nota-10-recebem-premia%C3%A7%C3%A3o-das-m%C3%A3os-da-prefeita-Anna-Lorena-3.jpeg?resize=300%2C199&amp;ssl=1\" alt=\"\" class=\"wp-image-55343 lazyload\" src=\"data:image\/svg+xml;base64,PHN2ZyB3aWR0aD0iMSIgaGVpZ2h0PSIxIiB4bWxucz0iaHR0cDovL3d3dy53My5vcmcvMjAwMC9zdmciPjwvc3ZnPg==\" \/><\/figure><\/div>\n\n\n\n<p>Durante a entrega a prefeita Anna Lorena fez quest\u00e3o de frisar elogiando-os. \u201cTodos voc\u00eas s\u00e3o motivo de orgulho para Monteiro, espero que cada um de voc\u00eas possam se dedicar aos estudos e fazer de Monteiro uma cidade cada vez melhor e isso se inicia na escola. Cada um de voc\u00eas aqui \u00e9 um exemplo, parab\u00e9ns!\u201d, enfatizou a prefeita.Segundo a secret\u00e1ria da Educa\u00e7\u00e3o, o pr\u00eamio \u2018Aluno Nota 10\u2019 faz parte da proposta de valoriza\u00e7\u00e3o da Educa\u00e7\u00e3o. \u201cO est\u00edmulo aos estudantes \u00e9 fator indispens\u00e1vel para despertar, cada vez mais, o interesse na busca por um aprofundamento maior nos estudos e, ao mesmo tempo, reconhecer e premiar os que mais se destacam\u201d, ressaltou.<br><strong>Confira quem s\u00e3o os Alunos Nota 10 por escola:<br><\/strong>Creche Escola Dr. Fernando Bezerra Paraguay &nbsp;(Infantil V) \u2013 Viviane Rafaelly Ferreira<br>Creche Escola Ana Raposo Arag\u00e3o (Infantil IV) \u2013 Anny Sophia da Silva<br>Creche Escola Francisca Mineiro (Infantil I B) \u2013 Jo\u00e3o Miguel Francisco<br>CEI \u2013 Jakelline Santa Cruz (Infantil V) \u2013 Isaque da Silva Freitas<br>EMEF Tiradentes (5\u00ba B) \u2013 Ruan Jos\u00e9 Bezerra<br>EMEF Napole\u00e3o Santa Cruz Neto (5\u00ba A) \u2013 Ana Let\u00edcia Feitosa<br>EMEF Brisa Nunes Braz (5\u00ba) \u2013 Maria Vit\u00f3ria da Silva<br>EMEF Jos\u00e9 Araujo Valen\u00e7a (5\u00ba B) \u2013 Deyvison Enrico Pereira<br>EMEF Adalice Rem\u00edgio Gomes (5\u00ba B) \u2013 Ingrid Adrielly Soares<br>EMEF Maria do socorro Arag\u00e3o Liberal (9\u00ba B) \u2013 Helen Milena Xavier<br>EMEF Prof.\u00aa. Maria Lauric\u00e9ia Freitas (5\u00aa A) \u2013 Pamela Esther Batista<br>EMEF T\u00e9rcio Caldeira (5\u00ba) \u2013 Sophia Batista da Silva<br>EMEF Ben\u00edcia Alves de Lima (5\u00ba) \u2013 Daniel Silva Santos<br>EMEF Bento Ten\u00f3rio de Sousa (9\u00ba B) \u2013 Jakeline Esmeralda<br>EMEF Laura Lopes Fraz\u00e3o (5\u00ba) \u2013 Ariane Monteiro da Silva<br>EMEF Manoel Maciel da silva (1\u00ba) \u2013 Jos\u00e9 Nycolas Batista<br>EMEF Jos\u00e9 Belarmino Alves (5\u00ba) \u2013 Samara do Nascimento dos Santos<br>EMEF Tobias Rem\u00edgio Gomes (5\u00ba) \u2013 Joelma da Silva de Lima<br><\/p>\n","protected":false},"excerpt":{"rendered":"<p>Durante a Festa do Dia das Crian\u00e7as, que aconteceu no \u00faltimo s\u00e1bado em Monteiro, 18 alunos oriundos das escolas da Rede Municipal receberam a premia\u00e7\u00e3o&hellip; <\/p>\n","protected":false},"author":1,"featured_media":127023,"comment_status":"closed","ping_status":"closed","sticky":false,"template":"","format":"standard","meta":{"sfsi_plus_gutenberg_text_before_share":"","sfsi_plus_gutenberg_show_text_before_share":"","sfsi_plus_gutenberg_icon_type":"","sfsi_plus_gutenberg_icon_alignemt":"","sfsi_plus_gutenburg_max_per_row":"","footnotes":""},"categories":[50,2],"tags":[],"class_list":["post-127022","post","type-post","status-publish","format-standard","has-post-thumbnail","hentry","category-destaque","category-geral"],"_links":{"self":[{"href":"https:\/\/www.caririemacao.com\/1\/wp-json\/wp\/v2\/posts\/127022","targetHints":{"allow":["GET"]}}],"collection":[{"href":"https:\/\/www.caririemacao.com\/1\/wp-json\/wp\/v2\/posts"}],"about":[{"href":"https:\/\/www.caririemacao.com\/1\/wp-json\/wp\/v2\/types\/post"}],"author":[{"embeddable":true,"href":"https:\/\/www.caririemacao.com\/1\/wp-json\/wp\/v2\/users\/1"}],"replies":[{"embeddable":true,"href":"https:\/\/www.caririemacao.com\/1\/wp-json\/wp\/v2\/comments?post=127022"}],"version-history":[{"count":1,"href":"https:\/\/www.caririemacao.com\/1\/wp-json\/wp\/v2\/posts\/127022\/revisions"}],"predecessor-version":[{"id":127024,"href":"https:\/\/www.caririemacao.com\/1\/wp-json\/wp\/v2\/posts\/127022\/revisions\/127024"}],"wp:featuredmedia":[{"embeddable":true,"href":"https:\/\/www.caririemacao.com\/1\/wp-json\/wp\/v2\/media\/127023"}],"wp:attachment":[{"href":"https:\/\/www.caririemacao.com\/1\/wp-json\/wp\/v2\/media?parent=127022"}],"wp:term":[{"taxonomy":"category","embeddable":true,"href":"https:\/\/www.caririemacao.com\/1\/wp-json\/wp\/v2\/categories?post=127022"},{"taxonomy":"post_tag","embeddable":true,"href":"https:\/\/www.caririemacao.com\/1\/wp-json\/wp\/v2\/tags?post=127022"}],"curies":[{"name":"wp","href":"https:\/\/api.w.org\/{rel}","templated":true}]}}