{"id":127034,"date":"2019-10-16T09:30:56","date_gmt":"2019-10-16T12:30:56","guid":{"rendered":"http:\/\/www.caririemacao.com\/1\/?p=127034"},"modified":"2019-10-16T09:32:49","modified_gmt":"2019-10-16T12:32:49","slug":"camara-de-caraubas-inicia-debate-sobre-a-loa-2020","status":"publish","type":"post","link":"https:\/\/www.caririemacao.com\/1\/2019\/10\/16\/camara-de-caraubas-inicia-debate-sobre-a-loa-2020\/","title":{"rendered":"C\u00e2mara de Cara\u00fabas inicia debate sobre a LOA 2020"},"content":{"rendered":"\n<p>A C\u00e2mara de Vereadores de Cara\u00fabas realizou na noite desta\nter\u00e7a-feira, dia 15, mais uma reuni\u00e3o para iniciar a an\u00e1lise de dois importantes\nprojetos de autoria do Poder Executivo Municipal.<\/p>\n\n\n\n<p>Durante a sess\u00e3o, o presidente Jos\u00e9\nFranconero (Nero) apresentou aos seus colegas vereadores o projeto da Lei\nOr\u00e7ament\u00e1ria Anual (LOA) referente ao ano de 2020, com estimativa de Receita em\nR$ 21.390.000,00 (vinte e um milh\u00f5es, trezentos e noventa mil reais), e Despesa\nem R$ 21.170.000,00 (vinte e um milh\u00f5es, cento e setenta mil reais), al\u00e9m de\numa Reserva de Conting\u00eancia no valor de R$ 220.000,00 (duzentos e vinte mil\nreais). De acordo com o projeto, a receita ser\u00e1 realizada mediante a arrecada\u00e7\u00e3o\ndos tributos, transfer\u00eancias e outras receitas correntes e de capital,\nna forma da legisla\u00e7\u00e3o em vigor.<\/p>\n\n\n\n<p>Nero tamb\u00e9m apresentou outro\nprojeto para conhecimento do parlamento. Trata-se do PL que altera a Lei n\u00b0\n345\/2017, de 20 de dezembro de 2017, e trata sobre o PPA (Plano Plurianual),\npara os exerc\u00edcios de 2018-2021, com o objetivo de atender as altera\u00e7\u00f5es\napresentadas no Projeto de Lei Or\u00e7ament\u00e1ria para o exerc\u00edcio de 2020.<\/p>\n\n\n\n<p>Ap\u00f3s o conhecimento, os projetos\nforam encaminhados para suas devidas comiss\u00f5es e ser\u00e3o analisados pelos\nparlamentares, para em seguida, serem colocados para vota\u00e7\u00e3o. <\/p>\n\n\n\n<p>No fim, o presidente Nero refor\u00e7ou o convite para a pr\u00f3xima reuni\u00e3o que acontece dia 29 deste m\u00eas, \u00e0s 18h, no Plen\u00e1rio da C\u00e2mara Municipal. <\/p>\n\n\n\n<p><a href=\"https:\/\/www.facebook.com\/pg\/CaririEmAcao\/photos\/?tab=album&amp;album_id=1679637842172232\">CLIQUE E VEJA TODAS AS FOTOS.<\/a><\/p>\n","protected":false},"excerpt":{"rendered":"<p>A C\u00e2mara de Vereadores de Cara\u00fabas realizou na noite desta ter\u00e7a-feira, dia 15, mais uma reuni\u00e3o para iniciar a an\u00e1lise de dois importantes projetos de&hellip; <\/p>\n","protected":false},"author":2,"featured_media":127035,"comment_status":"closed","ping_status":"closed","sticky":false,"template":"","format":"standard","meta":{"sfsi_plus_gutenberg_text_before_share":"","sfsi_plus_gutenberg_show_text_before_share":"","sfsi_plus_gutenberg_icon_type":"","sfsi_plus_gutenberg_icon_alignemt":"","sfsi_plus_gutenburg_max_per_row":"","footnotes":""},"categories":[6,50],"tags":[],"class_list":["post-127034","post","type-post","status-publish","format-standard","has-post-thumbnail","hentry","category-cidades","category-destaque"],"_links":{"self":[{"href":"https:\/\/www.caririemacao.com\/1\/wp-json\/wp\/v2\/posts\/127034","targetHints":{"allow":["GET"]}}],"collection":[{"href":"https:\/\/www.caririemacao.com\/1\/wp-json\/wp\/v2\/posts"}],"about":[{"href":"https:\/\/www.caririemacao.com\/1\/wp-json\/wp\/v2\/types\/post"}],"author":[{"embeddable":true,"href":"https:\/\/www.caririemacao.com\/1\/wp-json\/wp\/v2\/users\/2"}],"replies":[{"embeddable":true,"href":"https:\/\/www.caririemacao.com\/1\/wp-json\/wp\/v2\/comments?post=127034"}],"version-history":[{"count":2,"href":"https:\/\/www.caririemacao.com\/1\/wp-json\/wp\/v2\/posts\/127034\/revisions"}],"predecessor-version":[{"id":127037,"href":"https:\/\/www.caririemacao.com\/1\/wp-json\/wp\/v2\/posts\/127034\/revisions\/127037"}],"wp:featuredmedia":[{"embeddable":true,"href":"https:\/\/www.caririemacao.com\/1\/wp-json\/wp\/v2\/media\/127035"}],"wp:attachment":[{"href":"https:\/\/www.caririemacao.com\/1\/wp-json\/wp\/v2\/media?parent=127034"}],"wp:term":[{"taxonomy":"category","embeddable":true,"href":"https:\/\/www.caririemacao.com\/1\/wp-json\/wp\/v2\/categories?post=127034"},{"taxonomy":"post_tag","embeddable":true,"href":"https:\/\/www.caririemacao.com\/1\/wp-json\/wp\/v2\/tags?post=127034"}],"curies":[{"name":"wp","href":"https:\/\/api.w.org\/{rel}","templated":true}]}}