{"id":127038,"date":"2019-10-16T09:40:45","date_gmt":"2019-10-16T12:40:45","guid":{"rendered":"http:\/\/www.caririemacao.com\/1\/?p=127038"},"modified":"2019-10-16T09:40:45","modified_gmt":"2019-10-16T12:40:45","slug":"vereador-fabiano-pede-que-o-prefeito-de-congo-cumpra-promessa-de-reajuste-salarial-aos-servidores","status":"publish","type":"post","link":"https:\/\/www.caririemacao.com\/1\/2019\/10\/16\/vereador-fabiano-pede-que-o-prefeito-de-congo-cumpra-promessa-de-reajuste-salarial-aos-servidores\/","title":{"rendered":"Vereador Fabiano pede que o prefeito de Congo cumpra promessa de reajuste salarial aos servidores"},"content":{"rendered":"\n<p>O vereador de Congo,&nbsp;Fabiano Bolacha, apresentou durante\na reuni\u00e3o da C\u00e2mara Municipal, realizada na \u00faltima quinta-feira, dia 10, um requerimento\nque pede que o prefeito J\u00fanior Quirino cumpra a promessa de reajuste salarial\nde 30% as categorias, atrav\u00e9s da Lei 178\/2018. <\/p>\n\n\n\n<p>\u201c\u00c9 muito para os servidores p\u00fablicos que o prefeito cumpra\nas promessas firmadas atrav\u00e9s da Lei 178\/2018, de reajuste salarial de 30%,\nprometidos aos servidores: assistente social, bioqu\u00edmico\/farmac\u00eautico\nodont\u00f3logo, enfermeiros, fisioterapeuta, fonoaudi\u00f3logo, agentes de vigil\u00e2ncia\nsanit\u00e1ria, nutricionista motoristas, operadores de maquinas, psic\u00f3logo,\ntecn\u00f3logo em agroecologia e veterin\u00e1rio\u201d, justificou o vereador Fabiano.<\/p>\n","protected":false},"excerpt":{"rendered":"<p>O vereador de Congo,&nbsp;Fabiano Bolacha, apresentou durante a reuni\u00e3o da C\u00e2mara Municipal, realizada na \u00faltima quinta-feira, dia 10, um requerimento que pede que o prefeito&hellip; <\/p>\n","protected":false},"author":2,"featured_media":127039,"comment_status":"closed","ping_status":"closed","sticky":false,"template":"","format":"standard","meta":{"sfsi_plus_gutenberg_text_before_share":"","sfsi_plus_gutenberg_show_text_before_share":"","sfsi_plus_gutenberg_icon_type":"","sfsi_plus_gutenberg_icon_alignemt":"","sfsi_plus_gutenburg_max_per_row":"","footnotes":""},"categories":[50,11],"tags":[],"class_list":["post-127038","post","type-post","status-publish","format-standard","has-post-thumbnail","hentry","category-destaque","category-politica"],"_links":{"self":[{"href":"https:\/\/www.caririemacao.com\/1\/wp-json\/wp\/v2\/posts\/127038","targetHints":{"allow":["GET"]}}],"collection":[{"href":"https:\/\/www.caririemacao.com\/1\/wp-json\/wp\/v2\/posts"}],"about":[{"href":"https:\/\/www.caririemacao.com\/1\/wp-json\/wp\/v2\/types\/post"}],"author":[{"embeddable":true,"href":"https:\/\/www.caririemacao.com\/1\/wp-json\/wp\/v2\/users\/2"}],"replies":[{"embeddable":true,"href":"https:\/\/www.caririemacao.com\/1\/wp-json\/wp\/v2\/comments?post=127038"}],"version-history":[{"count":1,"href":"https:\/\/www.caririemacao.com\/1\/wp-json\/wp\/v2\/posts\/127038\/revisions"}],"predecessor-version":[{"id":127040,"href":"https:\/\/www.caririemacao.com\/1\/wp-json\/wp\/v2\/posts\/127038\/revisions\/127040"}],"wp:featuredmedia":[{"embeddable":true,"href":"https:\/\/www.caririemacao.com\/1\/wp-json\/wp\/v2\/media\/127039"}],"wp:attachment":[{"href":"https:\/\/www.caririemacao.com\/1\/wp-json\/wp\/v2\/media?parent=127038"}],"wp:term":[{"taxonomy":"category","embeddable":true,"href":"https:\/\/www.caririemacao.com\/1\/wp-json\/wp\/v2\/categories?post=127038"},{"taxonomy":"post_tag","embeddable":true,"href":"https:\/\/www.caririemacao.com\/1\/wp-json\/wp\/v2\/tags?post=127038"}],"curies":[{"name":"wp","href":"https:\/\/api.w.org\/{rel}","templated":true}]}}