{"id":127043,"date":"2019-10-16T10:03:46","date_gmt":"2019-10-16T13:03:46","guid":{"rendered":"http:\/\/www.caririemacao.com\/1\/?p=127043"},"modified":"2019-10-16T10:03:46","modified_gmt":"2019-10-16T13:03:46","slug":"gangue-da-marcha-a-re-faz-ataque-a-estabelecimentos-comerciais-no-municipio-de-boa-vista","status":"publish","type":"post","link":"https:\/\/www.caririemacao.com\/1\/2019\/10\/16\/gangue-da-marcha-a-re-faz-ataque-a-estabelecimentos-comerciais-no-municipio-de-boa-vista\/","title":{"rendered":"Gangue da \u2018marcha \u00e0 r\u00e9\u2019 faz ataque a estabelecimentos comerciais no munic\u00edpio de Boa Vista"},"content":{"rendered":"\n<p>Na madrugada desta \u00faltima ter\u00e7a(15), por volta de 01:20h, tr\u00eas bandidos integrantes da famosa gangue da \u2018marcha \u00e0 r\u00e9\u2019 arrombaram dois estabelecimentos comerciais no munic\u00edpio de Boa Vista, regi\u00e3o metropolitana de Campina Grande.<\/p>\n\n\n\n<p>Os bandidos subtra\u00edram diversos objetos eletr\u00f4nicos e mercadorias nos dois estabelecimentos comercias que ficam vizinhos e que s\u00e3o pertencentes a fam\u00edlia do empres\u00e1rio Naldinho.<\/p>\n\n\n\n<p>Segundo informa\u00e7\u00f5es, os criminosos chegaram em um Fiat Uno, de cor Prata e com o apoio de mais dois criminosos que estavam em uma moto Titan 150 cilindradas de cor preta, realizaram a a\u00e7\u00e3o criminosa. A a\u00e7\u00e3o dos bandidos foi r\u00e1pida e foram flagradas pelo sistema de monitoramento da rua e do empreendimento.<\/p>\n\n\n\n<p>Familiares do empres\u00e1rio boavistense pede a colabora\u00e7\u00e3o dos internautas para se algu\u00e9m identificar os criminosos pelas imagens que j\u00e1 circula pelas redes sociais, podem estar repassando as informa\u00e7\u00f5es para a pol\u00edcia atrav\u00e9s do 190 ou entrar em contato com os pr\u00f3prios familiares.<\/p>\n","protected":false},"excerpt":{"rendered":"<p>Na madrugada desta \u00faltima ter\u00e7a(15), por volta de 01:20h, tr\u00eas bandidos integrantes da famosa gangue da \u2018marcha \u00e0 r\u00e9\u2019 arrombaram dois estabelecimentos comerciais no munic\u00edpio&hellip; <\/p>\n","protected":false},"author":1,"featured_media":127041,"comment_status":"closed","ping_status":"closed","sticky":false,"template":"","format":"standard","meta":{"sfsi_plus_gutenberg_text_before_share":"","sfsi_plus_gutenberg_show_text_before_share":"","sfsi_plus_gutenberg_icon_type":"","sfsi_plus_gutenberg_icon_alignemt":"","sfsi_plus_gutenburg_max_per_row":"","footnotes":""},"categories":[12],"tags":[],"class_list":["post-127043","post","type-post","status-publish","format-standard","has-post-thumbnail","hentry","category-policia"],"_links":{"self":[{"href":"https:\/\/www.caririemacao.com\/1\/wp-json\/wp\/v2\/posts\/127043","targetHints":{"allow":["GET"]}}],"collection":[{"href":"https:\/\/www.caririemacao.com\/1\/wp-json\/wp\/v2\/posts"}],"about":[{"href":"https:\/\/www.caririemacao.com\/1\/wp-json\/wp\/v2\/types\/post"}],"author":[{"embeddable":true,"href":"https:\/\/www.caririemacao.com\/1\/wp-json\/wp\/v2\/users\/1"}],"replies":[{"embeddable":true,"href":"https:\/\/www.caririemacao.com\/1\/wp-json\/wp\/v2\/comments?post=127043"}],"version-history":[{"count":1,"href":"https:\/\/www.caririemacao.com\/1\/wp-json\/wp\/v2\/posts\/127043\/revisions"}],"predecessor-version":[{"id":127046,"href":"https:\/\/www.caririemacao.com\/1\/wp-json\/wp\/v2\/posts\/127043\/revisions\/127046"}],"wp:featuredmedia":[{"embeddable":true,"href":"https:\/\/www.caririemacao.com\/1\/wp-json\/wp\/v2\/media\/127041"}],"wp:attachment":[{"href":"https:\/\/www.caririemacao.com\/1\/wp-json\/wp\/v2\/media?parent=127043"}],"wp:term":[{"taxonomy":"category","embeddable":true,"href":"https:\/\/www.caririemacao.com\/1\/wp-json\/wp\/v2\/categories?post=127043"},{"taxonomy":"post_tag","embeddable":true,"href":"https:\/\/www.caririemacao.com\/1\/wp-json\/wp\/v2\/tags?post=127043"}],"curies":[{"name":"wp","href":"https:\/\/api.w.org\/{rel}","templated":true}]}}