{"id":127082,"date":"2019-10-16T15:18:00","date_gmt":"2019-10-16T18:18:00","guid":{"rendered":"http:\/\/www.caririemacao.com\/1\/?p=127082"},"modified":"2019-10-16T15:18:00","modified_gmt":"2019-10-16T18:18:00","slug":"mais-de-1-milhao-de-estudantes-ja-visualizaram-o-cartao-do-enem","status":"publish","type":"post","link":"https:\/\/www.caririemacao.com\/1\/2019\/10\/16\/mais-de-1-milhao-de-estudantes-ja-visualizaram-o-cartao-do-enem\/","title":{"rendered":"Mais de 1 milh\u00e3o de estudantes j\u00e1 visualizaram o cart\u00e3o do Enem"},"content":{"rendered":"\n<p>O balan\u00e7o do Instituto&nbsp;Nacional de Estudos e Pesquisas Educacionais An\u00edsio Teixeira (Inep) divulgado no in\u00edcio da tarde de hoje (16) mostra que 1,109 milh\u00e3o de&nbsp;candidatos no Enem acessaram o Cart\u00e3o de Confirma\u00e7\u00e3o da Inscri\u00e7\u00e3o&nbsp;nas primeiras duas horas e meia ap\u00f3s a libera\u00e7\u00e3o do&nbsp;documento. O n\u00famero representa 20% do total de inscritos. As provas ser\u00e3o nos dias 3 e&nbsp;10 de novembro e a&nbsp;edi\u00e7\u00e3o deste ano ter\u00e1&nbsp;5,1 milh\u00f5es de candidatos.<\/p>\n\n\n\n<p>O Instituto Nacional de Estudos e Pesquisas Educacionais An\u00edsio Teixeira (Inep) preparou&nbsp;<a href=\"http:\/\/agenciabrasil.ebc.com.br\/educacao\/noticia\/2019-10\/Enem-2019-saiba-como-recuperar-a-senha-e-cadastrar-um-novo-e-mail\" target=\"_blank\" rel=\"noreferrer noopener\">um tutorial mostrando<\/a>&nbsp;onde identificar o local de provas, que aparece especificado com endere\u00e7o e n\u00famero de sala no Cart\u00e3o de Confirma\u00e7\u00e3o da Inscri\u00e7\u00e3o. Al\u00e9m disso, o documento tamb\u00e9m traz as informa\u00e7\u00f5es pessoais do participante, como o CPF; o n\u00famero de inscri\u00e7\u00e3o; as datas e os hor\u00e1rios do exame; a op\u00e7\u00e3o de l\u00edngua estrangeira feita durante a inscri\u00e7\u00e3o; e o tipo de atendimento espec\u00edfico e\/ou especializado, com recursos de acessibilidade, caso tenha sido solicitado e aprovado, ou pelo nome social.<\/p>\n\n\n\n<p>O participante que precisar comprovar sua presen\u00e7a no Enem deve acessar a Declara\u00e7\u00e3o de Comparecimento, tamb\u00e9m dispon\u00edvel na P\u00e1gina do Participante. O documento \u00e9 personalizado. Ele deve ser impresso e levado nos dias da prova, e entregue ao aplicador na porta da sala do exame. Haver\u00e1 uma declara\u00e7\u00e3o para cada dia de aplica\u00e7\u00e3o. Para o primeiro domingo de prova,&nbsp;3 de novembro, a declara\u00e7\u00e3o j\u00e1 est\u00e1 dispon\u00edvel no&nbsp;<em>site<\/em>. O Inep avisa que n\u00e3o fornece comprovante de presen\u00e7a ap\u00f3s o dia da prova. A declara\u00e7\u00e3o de presen\u00e7a para o segundo domingo de exame,&nbsp;10 de novembro, ficar\u00e1 dispon\u00edvel para impress\u00e3o a partir de&nbsp;4 de novembro,&nbsp;segunda-feira.<\/p>\n\n\n\n<p><em>* Com informa\u00e7\u00f5es do Minist\u00e9rio da Educa\u00e7\u00e3o<\/em><\/p>\n","protected":false},"excerpt":{"rendered":"<p>O balan\u00e7o do Instituto&nbsp;Nacional de Estudos e Pesquisas Educacionais An\u00edsio Teixeira (Inep) divulgado no in\u00edcio da tarde de hoje (16) mostra que 1,109 milh\u00e3o de&nbsp;candidatos&hellip; <\/p>\n","protected":false},"author":1,"featured_media":127083,"comment_status":"closed","ping_status":"closed","sticky":false,"template":"","format":"standard","meta":{"sfsi_plus_gutenberg_text_before_share":"","sfsi_plus_gutenberg_show_text_before_share":"","sfsi_plus_gutenberg_icon_type":"","sfsi_plus_gutenberg_icon_alignemt":"","sfsi_plus_gutenburg_max_per_row":"","footnotes":""},"categories":[50,14],"tags":[],"class_list":["post-127082","post","type-post","status-publish","format-standard","has-post-thumbnail","hentry","category-destaque","category-educacao"],"_links":{"self":[{"href":"https:\/\/www.caririemacao.com\/1\/wp-json\/wp\/v2\/posts\/127082","targetHints":{"allow":["GET"]}}],"collection":[{"href":"https:\/\/www.caririemacao.com\/1\/wp-json\/wp\/v2\/posts"}],"about":[{"href":"https:\/\/www.caririemacao.com\/1\/wp-json\/wp\/v2\/types\/post"}],"author":[{"embeddable":true,"href":"https:\/\/www.caririemacao.com\/1\/wp-json\/wp\/v2\/users\/1"}],"replies":[{"embeddable":true,"href":"https:\/\/www.caririemacao.com\/1\/wp-json\/wp\/v2\/comments?post=127082"}],"version-history":[{"count":1,"href":"https:\/\/www.caririemacao.com\/1\/wp-json\/wp\/v2\/posts\/127082\/revisions"}],"predecessor-version":[{"id":127084,"href":"https:\/\/www.caririemacao.com\/1\/wp-json\/wp\/v2\/posts\/127082\/revisions\/127084"}],"wp:featuredmedia":[{"embeddable":true,"href":"https:\/\/www.caririemacao.com\/1\/wp-json\/wp\/v2\/media\/127083"}],"wp:attachment":[{"href":"https:\/\/www.caririemacao.com\/1\/wp-json\/wp\/v2\/media?parent=127082"}],"wp:term":[{"taxonomy":"category","embeddable":true,"href":"https:\/\/www.caririemacao.com\/1\/wp-json\/wp\/v2\/categories?post=127082"},{"taxonomy":"post_tag","embeddable":true,"href":"https:\/\/www.caririemacao.com\/1\/wp-json\/wp\/v2\/tags?post=127082"}],"curies":[{"name":"wp","href":"https:\/\/api.w.org\/{rel}","templated":true}]}}