{"id":127090,"date":"2019-10-16T15:24:11","date_gmt":"2019-10-16T18:24:11","guid":{"rendered":"http:\/\/www.caririemacao.com\/1\/?p=127090"},"modified":"2019-10-16T15:24:11","modified_gmt":"2019-10-16T18:24:11","slug":"mudanca-sobre-2a-instancia-no-stf-favoreceria-lula-e-mais-12-presos-da-lava-jato","status":"publish","type":"post","link":"https:\/\/www.caririemacao.com\/1\/2019\/10\/16\/mudanca-sobre-2a-instancia-no-stf-favoreceria-lula-e-mais-12-presos-da-lava-jato\/","title":{"rendered":"Mudan\u00e7a sobre 2\u00aa inst\u00e2ncia no STF favoreceria Lula e mais 12 presos da Lava Jato"},"content":{"rendered":"\n<p>(FOLHAPRESS) &#8211; Caso o STF (Supremo Tribunal Federal) decida reverter a pris\u00e3o de condenados em segunda inst\u00e2ncia e n\u00e3o adote uma solu\u00e7\u00e3o intermedi\u00e1ria, o ex-presidente Lula e ao menos outros 12 presos da Opera\u00e7\u00e3o Lava Jato no Paran\u00e1 devem ser beneficiados e deixar a cadeia.<br><\/p>\n\n\n\n<p>Entre os demais poss\u00edveis contemplados do julgamento previsto para ser iniciado na quinta (17) est\u00e3o o ex-ministro Jos\u00e9 Dirceu (PT), empreiteiros e condenados por operar dinheiro ilegal em casos da investiga\u00e7\u00e3o.<\/p>\n\n\n\n<p>Esses 13 alvos aguardaram julgamento fora do regime fechado, mas, com o esgotamento dos recursos na segunda inst\u00e2ncia, foram detidos.<\/p>\n\n\n\n<p>Essa situa\u00e7\u00e3o se tornou recorrente a partir de 2017 nos casos anteriormente sob responsabilidade do ex-juiz Sergio Moro com o avan\u00e7o da tramita\u00e7\u00e3o das apela\u00e7\u00f5es no TRF-4 (Tribunal Regional Federal da 4\u00aa Regi\u00e3o), corte que trata dos recursos da opera\u00e7\u00e3o em segundo grau.<\/p>\n\n\n\n<p>Lula, por exemplo, foi para a cadeia em abril de 2018 depois que a condena\u00e7\u00e3o por corrup\u00e7\u00e3o e lavagem no caso tr\u00edplex teve recursos negados na corte regional. Envolveu o ex-presidente ainda a \u00faltima ocasi\u00e3o em que o Supremo se debru\u00e7ou sobre a quest\u00e3o da pris\u00e3o de condenados em segunda inst\u00e2ncia. Nessa vez, a corte negou um habeas corpus preventivo ao petista, dias antes da deten\u00e7\u00e3o, no ano passado.<\/p>\n\n\n\n<p>Caso o STF decida por um meio-termo no julgamento, no qual ficaria estabelecido que s\u00f3 r\u00e9us com condena\u00e7\u00e3o confirmada no STJ (Superior Tribunal de Justi\u00e7a) iriam para a cadeia, Lula continuaria preso, j\u00e1 que a senten\u00e7a do tr\u00edplex j\u00e1 foi analisada por essa corte em abril. Essa tese j\u00e1 foi defendida pelo atual presidente do Supremo, Dias Toffoli, em sess\u00e3o em 2018.<\/p>\n\n\n\n<p>Outro petista graduado alvo da Lava Jato, Jos\u00e9 Dirceu, condenado em duas a\u00e7\u00f5es penais da opera\u00e7\u00e3o, voltou para a pris\u00e3o em maio passado tamb\u00e9m ap\u00f3s o esgotamento de recursos relativos \u00e0 segunda senten\u00e7a. Ele ainda recorre em inst\u00e2ncias superiores nesses dois casos. Um dos irm\u00e3os do ex-ministro, Luiz Eduardo de Oliveira e Silva, tamb\u00e9m cumpre pena em regime fechado ap\u00f3s ter sido acusado de auxiliar o grupo comandado por Dirceu.<\/p>\n\n\n\n<p>Outros benefici\u00e1rios s\u00e3o ligados a casos de etapas antigas da Lava Jato, como ex-executivos da empreiteira Mendes J\u00fanior e Gerson Almada, ex-s\u00f3cio da Engevix.<br>H\u00e1 ainda nomes ligados ao doleiro Alberto Youssef, principal nome da fase n\u00famero 1 da opera\u00e7\u00e3o, como Waldomiro de Oliveira e o ex-policial Jayme de Oliveira Filho.&nbsp;<\/p>\n\n\n\n<p>A quantidade de benefici\u00e1rios vai al\u00e9m dos 13 mencionados que est\u00e3o em regime fechado, j\u00e1 que quem cumpre pena no semiaberto tamb\u00e9m pode pleitear a liberta\u00e7\u00e3o at\u00e9 que todos os recursos se esgotem nas inst\u00e2ncias superiores.<\/p>\n\n\n\n<p>Est\u00e3o no regime semiaberto, por exemplo, Natalino Bertin, ex-dono do frigor\u00edfico Bertin, e os ex-tesoureiros do PT Del\u00fabio Soares e Jo\u00e3o Vaccari Neto.<\/p>\n\n\n\n<p>O pecuarista Jos\u00e9 Carlos Bumlai, conhecido por ser amigo de Lula, tamb\u00e9m j\u00e1 teve condena\u00e7\u00e3o confirmada em segunda inst\u00e2ncia, mas conseguiu o direito de ficar em casa por motivos de sa\u00fade.<\/p>\n\n\n\n<p>A eventual reviravolta no Supremo, por\u00e9m, n\u00e3o atingiria alguns dos mais conhecidos presos da Lava Jato: o ex-governador fluminense S\u00e9rgio Cabral e o ex-deputado Eduardo Cunha, ambos do MDB.<\/p>\n\n\n\n<p>Os dois j\u00e1 t\u00eam condena\u00e7\u00f5es em segunda inst\u00e2ncia no Paran\u00e1, mas continuam tamb\u00e9m com mandados de pris\u00e3o preventiva, decretada para evitar, por exemplo, preju\u00edzo a investiga\u00e7\u00f5es, fugas ou a dissipa\u00e7\u00e3o de valores com origem em crimes.<\/p>\n\n\n\n<p>Cunha, encarcerado desde 2016, tem ordens de pris\u00e3o no Distrito Federal e no Rio Grande do Norte.<\/p>\n\n\n\n<p>O n\u00famero de beneficiados s\u00f3 n\u00e3o \u00e9 maior porque h\u00e1 dezenas de delatores entre os r\u00e9us dos casos j\u00e1 julgados em segunda inst\u00e2ncia. Nesses casos, os colaboradores cumprem as obriga\u00e7\u00f5es impostas nos acordos homologados com a Justi\u00e7a, como pris\u00e3o domiciliar ou recolhimento noturno, em vez de permanecer na cadeia.<\/p>\n\n\n\n<p>H\u00e1 ainda outros presos preventivamente por ordem da Vara Federal de Curitiba que n\u00e3o ser\u00e3o afetados seja qual for a decis\u00e3o do STF sobre a pris\u00e3o em segunda inst\u00e2ncia. \u00c9 o caso do ex-diretor da Dersa (estatal paulista de rodovias) Paulo Vieira de Souza, conhecido como Paulo Preto, ainda n\u00e3o sentenciado no Paran\u00e1, embora tenha duas condena\u00e7\u00f5es em primeira inst\u00e2ncia em S\u00e3o Paulo. Ele est\u00e1 preso desde fevereiro.<\/p>\n\n\n\n<p>Condenados que seriam beneficiados<br>&#8211; Lula (ex-presidente)<br>&#8211; Jos\u00e9 Dirceu (ex-ministro)<br>&#8211; Luiz Eduardo de Oliveira e Silva (irm\u00e3o de Dirceu)<br>&#8211; Gerson Almada (ex-s\u00f3cio da Engevix)<br>&#8211; S\u00e9rgio Cunha Mendes (ex-vice-presidente da Mendes J\u00fanior)<br>&#8211; Rog\u00e9rio Cunha Oliveira (ex-executivo da Mendes J\u00fanior)<br>&#8211; Alberto Vila\u00e7a Gomes (ex-executivo da Mendes J\u00fanior)<br>&#8211; Jayme de Oliveira Filho (ex-policial)<br>&#8211; Enivaldo Quadrado (dono da corretora B\u00f4nus Banval)<br>&#8211; Leon Vargas (irm\u00e3o do ex-deputado Andr\u00e9 Vargas)<br>&#8211; Fernando Moura (empres\u00e1rio)<br>&#8211; M\u00e1rcio Bonilho (empres\u00e1rio)<br>&#8211; Waldomiro de Oliveira (ex-auxiliar do doleiro Alberto Youssef)<\/p>\n","protected":false},"excerpt":{"rendered":"<p>(FOLHAPRESS) &#8211; Caso o STF (Supremo Tribunal Federal) decida reverter a pris\u00e3o de condenados em segunda inst\u00e2ncia e n\u00e3o adote uma solu\u00e7\u00e3o intermedi\u00e1ria, o ex-presidente&hellip; <\/p>\n","protected":false},"author":1,"featured_media":112613,"comment_status":"closed","ping_status":"closed","sticky":false,"template":"","format":"standard","meta":{"sfsi_plus_gutenberg_text_before_share":"","sfsi_plus_gutenberg_show_text_before_share":"","sfsi_plus_gutenberg_icon_type":"","sfsi_plus_gutenberg_icon_alignemt":"","sfsi_plus_gutenburg_max_per_row":"","footnotes":""},"categories":[11],"tags":[],"class_list":["post-127090","post","type-post","status-publish","format-standard","has-post-thumbnail","hentry","category-politica"],"_links":{"self":[{"href":"https:\/\/www.caririemacao.com\/1\/wp-json\/wp\/v2\/posts\/127090","targetHints":{"allow":["GET"]}}],"collection":[{"href":"https:\/\/www.caririemacao.com\/1\/wp-json\/wp\/v2\/posts"}],"about":[{"href":"https:\/\/www.caririemacao.com\/1\/wp-json\/wp\/v2\/types\/post"}],"author":[{"embeddable":true,"href":"https:\/\/www.caririemacao.com\/1\/wp-json\/wp\/v2\/users\/1"}],"replies":[{"embeddable":true,"href":"https:\/\/www.caririemacao.com\/1\/wp-json\/wp\/v2\/comments?post=127090"}],"version-history":[{"count":1,"href":"https:\/\/www.caririemacao.com\/1\/wp-json\/wp\/v2\/posts\/127090\/revisions"}],"predecessor-version":[{"id":127091,"href":"https:\/\/www.caririemacao.com\/1\/wp-json\/wp\/v2\/posts\/127090\/revisions\/127091"}],"wp:featuredmedia":[{"embeddable":true,"href":"https:\/\/www.caririemacao.com\/1\/wp-json\/wp\/v2\/media\/112613"}],"wp:attachment":[{"href":"https:\/\/www.caririemacao.com\/1\/wp-json\/wp\/v2\/media?parent=127090"}],"wp:term":[{"taxonomy":"category","embeddable":true,"href":"https:\/\/www.caririemacao.com\/1\/wp-json\/wp\/v2\/categories?post=127090"},{"taxonomy":"post_tag","embeddable":true,"href":"https:\/\/www.caririemacao.com\/1\/wp-json\/wp\/v2\/tags?post=127090"}],"curies":[{"name":"wp","href":"https:\/\/api.w.org\/{rel}","templated":true}]}}