{"id":127093,"date":"2019-10-16T15:25:21","date_gmt":"2019-10-16T18:25:21","guid":{"rendered":"http:\/\/www.caririemacao.com\/1\/?p=127093"},"modified":"2019-10-16T15:25:21","modified_gmt":"2019-10-16T18:25:21","slug":"na-justica-jair-bolsonaro-tenta-tomar-controle-do-psl-de-bivar","status":"publish","type":"post","link":"https:\/\/www.caririemacao.com\/1\/2019\/10\/16\/na-justica-jair-bolsonaro-tenta-tomar-controle-do-psl-de-bivar\/","title":{"rendered":"Na Justi\u00e7a, Jair Bolsonaro tenta tomar controle do PSL de Bivar"},"content":{"rendered":"\n<p>(FOLHAPRESS) &#8211; Uma semana depois de Jair Bolsonaro expor uma crise dentro de seu partido, o PSL, os advogados do presidente dizem estar dispostos a brigar na Justi\u00e7a para tirar o grupo do deputado Luciano Bivar do comando da sigla.<br><\/p>\n\n\n\n<p>&#8220;Ou limpamos a casa ou achamos uma casa limpa&#8221;, disse \u00e0 Folha o ex-ministro do TSE (Tribunal Superior Eleitoral) Admar Gonzaga. Ao lado de Karina Kufa, ele tem auxiliado Bolsonaro a encontrar uma sa\u00edda para o impasse com o seu partido.<\/p>\n\n\n\n<p>&#8220;A sa\u00edda do presidente da Rep\u00fablica n\u00e3o deveria ser o caminho adotado, considerando que o PSL era um partido pequeno&#8221;, disse Kufa, referindo-se ao fato de que a sigla cresceu gra\u00e7as a Bolsonaro.<\/p>\n\n\n\n<p>&#8220;Que saia o presidente que est\u00e1 l\u00e1 desde 1989, que n\u00e3o possibilitou nenhuma elei\u00e7\u00e3o interna de forma minimamente democr\u00e1tica&#8221;, afirma, num recado direto a Bivar, deputado federal por Pernambuco e presidente da legenda.<\/p>\n\n\n\n<p>Endere\u00e7os ligados a Bivar foram alvo de opera\u00e7\u00e3o da Pol\u00edcia Federal nesta ter\u00e7a-feira (15) como parte da investiga\u00e7\u00e3o sobre candidaturas de laranjas do PSL na elei\u00e7\u00e3o de 2018. A suspeita \u00e9 que ele tenha comandado no estado esquema semelhante ao que o ministro do Turismo, Marcelo \u00c1lvaro Ant\u00f4nio, \u00e9 acusado em Minas \u2013 denunciado pelo Minist\u00e9rio P\u00fablico, ele foi mantido no cargo pelo presidente.<\/p>\n\n\n\n<p>Hoje, na pr\u00e1tica, a ofensiva dos advogados auxiliares de Bolsonaro \u00e9 pela refunda\u00e7\u00e3o do PSL \u2013inclusive com a mudan\u00e7a de nome do partido.<\/p>\n\n\n\n<p>Uma nova conven\u00e7\u00e3o nacional da sigla est\u00e1 marcada para dezembro. Hoje, no entanto, Bivar, controla a maioria dos 101 filiados que t\u00eam direito a voto na elei\u00e7\u00e3o para o comando do partido.<\/p>\n\n\n\n<p>Nas contas dos aliados de Bolsonaro, o presidente da Rep\u00fablica seria &#8220;engolido&#8221; se fosse para uma disputa pelo comando do PSL contra uma chapa liderada por Bivar.<\/p>\n\n\n\n<p>Como n\u00e3o h\u00e1 qualquer indicativo de acordo interno, Bolsonaro insistir\u00e1 na via judicial para provar que o partido, sob o comando de Bivar, n\u00e3o est\u00e1 aplicando os recursos p\u00fablicos do fundo partid\u00e1rio de maneira correta.<\/p>\n\n\n\n<p>Os advogados dizem que, \u00e0 frente do PSL, Bivar &#8220;adota pr\u00e1ticas da velha pol\u00edtica, do chamado coronelismo&#8221;.<\/p>\n\n\n\n<p>&#8220;Antes com pouco dinheiro, agora com muito dinheiro&#8221;, disse Admar.<\/p>\n\n\n\n<p>At\u00e9 o fim do ano, a estimativa \u00e9 a de que o PSL receba R$ 110 milh\u00f5es do fundo partid\u00e1rio. No ano passado a sigla levou R$ 9 milh\u00f5es.<\/p>\n\n\n\n<p>Embora digam oficialmente que a opera\u00e7\u00e3o da Pol\u00edcia Federal desta ter\u00e7a-feira nada tem a ver com a disputa pol\u00edtica, os advogados indicam que o presidente Bolsonaro tem sido alertado sobre a conduta do correligion\u00e1rio no comando do PSL.<\/p>\n\n\n\n<p>Eles pretendem acionar o TSE ainda nesta semana para obrigar a c\u00fapula do PSL a abrir as contas do partido.<\/p>\n\n\n\n<p>Na \u00faltima sexta-feira (11), eles solicitaram formalmente acesso aos dados financeiros e estabeleceram prazo de cinco dias para que Bivar entregue a resposta.<\/p>\n\n\n\n<p>Na tarde desta ter\u00e7a-feira, no entanto, a dire\u00e7\u00e3o do PSL indicou em nota que n\u00e3o entregar\u00e1 o material solicitado.<\/p>\n\n\n\n<p>O documento, assinado pela executiva nacional, diz que o pedido de Bolsonaro n\u00e3o foi feito de maneira formal e que, &#8220;no que tange \u00e0 transpar\u00eancia das contas partid\u00e1rias, parece ser evidente que qualquer pessoa -filiada ou n\u00e3o- pode ter acesso completo a todas informa\u00e7\u00f5es, extratos e comprovantes que constam das presta\u00e7\u00f5es de contas apresentadas pelo partido nos \u00faltimos anos, pois eles est\u00e3o dispon\u00edveis para consulta p\u00fablica no site do Tribunal Superior Eleitoral&#8221;.<\/p>\n\n\n\n<p>Diante da divulga\u00e7\u00e3o da nota, os advogados avaliam n\u00e3o esperar o prazo e acionar imediatamente a Justi\u00e7a Eleitoral para ter acesso ao que chamam de &#8220;caixa preta do PSL&#8221;.<\/p>\n\n\n\n<p>Com os dados em m\u00e3os, Admar Gonzaga e Karina Kufa pretendem contratar uma auditoria investigativa para identificar eventuais irregularidades no manejo dos recursos partid\u00e1rios.<\/p>\n\n\n\n<p>Uma das empresas contadas \u00e9 a multinacional PricewaterhouseCoopers, tamb\u00e9m chamada PwC.<\/p>\n\n\n\n<p>A ideia, dizem, \u00e9 entregar o resultado do pente-fino ao TSE e ao Minist\u00e9rio P\u00fablico para que a Pol\u00edcia Federal seja acionada e seja aberta uma investiga\u00e7\u00e3o. De acordo com eles, o objetivo \u00e9 que a Receita Federal fa\u00e7a &#8220;uma devassa fiscal no partido&#8221;.<\/p>\n\n\n\n<p>&#8220;A briga vai crescendo&#8221;, diz Admar. &#8220;Primeiro a gente quer saber o balan\u00e7o das contas desses dez meses. Diante da resist\u00eancia, vamos pedir cinco anos para tr\u00e1s.&#8221;<\/p>\n\n\n\n<p>Nos bastidores, Bolsonaro tem sido incentivado a n\u00e3o desistir do PSL e atuar para que Bivar seja obrigado pela Justi\u00e7a Eleitoral a deixar a sigla.<\/p>\n\n\n\n<p>A avalia\u00e7\u00e3o \u00e9 a de que a perman\u00eancia do deputado no comando do partido ficar\u00e1 insustent\u00e1vel a partir do momento que as contas partid\u00e1rias forem escrutinadas pelos \u00f3rg\u00e3os de fiscaliza\u00e7\u00e3o e as eventuais irregularidades vierem a p\u00fablico.<\/p>\n\n\n\n<p>Uma mudan\u00e7a de partido, avaliam aliados de Bolsonaro, n\u00e3o seria danosa apenas para o presidente.<\/p>\n\n\n\n<p>Como mostrou a Folha nesta segunda (14), o deputado Eduardo Bolsonaro (PSL-SP) e o senador Fl\u00e1vio Bolsonaro (PSL-RJ), filhos do presidente, t\u00eam atuado para tentar contornar a crise interna no PSL.<\/p>\n\n\n\n<p>Os dois buscam uma solu\u00e7\u00e3o para evitar que o pai deixe o partido e, assim, provoque uma debandada em massa de integrantes da sigla.<\/p>\n\n\n\n<p>Hoje, Eduardo e Fl\u00e1vio controlam, respectivamente, os diret\u00f3rios do PSL em S\u00e3o Paulo e no Rio de Janeiro.<\/p>\n\n\n\n<p>Uma ruptura com o partido teria impacto direto para os congressistas em seus estados -que figuram entre os cinco maiores col\u00e9gios eleitorais do pa\u00eds.<br><\/p>\n","protected":false},"excerpt":{"rendered":"<p>(FOLHAPRESS) &#8211; Uma semana depois de Jair Bolsonaro expor uma crise dentro de seu partido, o PSL, os advogados do presidente dizem estar dispostos a&hellip; <\/p>\n","protected":false},"author":1,"featured_media":127094,"comment_status":"closed","ping_status":"closed","sticky":false,"template":"","format":"standard","meta":{"sfsi_plus_gutenberg_text_before_share":"","sfsi_plus_gutenberg_show_text_before_share":"","sfsi_plus_gutenberg_icon_type":"","sfsi_plus_gutenberg_icon_alignemt":"","sfsi_plus_gutenburg_max_per_row":"","footnotes":""},"categories":[11],"tags":[],"class_list":["post-127093","post","type-post","status-publish","format-standard","has-post-thumbnail","hentry","category-politica"],"_links":{"self":[{"href":"https:\/\/www.caririemacao.com\/1\/wp-json\/wp\/v2\/posts\/127093","targetHints":{"allow":["GET"]}}],"collection":[{"href":"https:\/\/www.caririemacao.com\/1\/wp-json\/wp\/v2\/posts"}],"about":[{"href":"https:\/\/www.caririemacao.com\/1\/wp-json\/wp\/v2\/types\/post"}],"author":[{"embeddable":true,"href":"https:\/\/www.caririemacao.com\/1\/wp-json\/wp\/v2\/users\/1"}],"replies":[{"embeddable":true,"href":"https:\/\/www.caririemacao.com\/1\/wp-json\/wp\/v2\/comments?post=127093"}],"version-history":[{"count":1,"href":"https:\/\/www.caririemacao.com\/1\/wp-json\/wp\/v2\/posts\/127093\/revisions"}],"predecessor-version":[{"id":127095,"href":"https:\/\/www.caririemacao.com\/1\/wp-json\/wp\/v2\/posts\/127093\/revisions\/127095"}],"wp:featuredmedia":[{"embeddable":true,"href":"https:\/\/www.caririemacao.com\/1\/wp-json\/wp\/v2\/media\/127094"}],"wp:attachment":[{"href":"https:\/\/www.caririemacao.com\/1\/wp-json\/wp\/v2\/media?parent=127093"}],"wp:term":[{"taxonomy":"category","embeddable":true,"href":"https:\/\/www.caririemacao.com\/1\/wp-json\/wp\/v2\/categories?post=127093"},{"taxonomy":"post_tag","embeddable":true,"href":"https:\/\/www.caririemacao.com\/1\/wp-json\/wp\/v2\/tags?post=127093"}],"curies":[{"name":"wp","href":"https:\/\/api.w.org\/{rel}","templated":true}]}}