{"id":127096,"date":"2019-10-16T15:27:17","date_gmt":"2019-10-16T18:27:17","guid":{"rendered":"http:\/\/www.caririemacao.com\/1\/?p=127096"},"modified":"2019-10-16T15:27:17","modified_gmt":"2019-10-16T18:27:17","slug":"dia-d-de-vacinacao-contra-sarampo-acontece-neste-sabado","status":"publish","type":"post","link":"https:\/\/www.caririemacao.com\/1\/2019\/10\/16\/dia-d-de-vacinacao-contra-sarampo-acontece-neste-sabado\/","title":{"rendered":"Dia D de vacina\u00e7\u00e3o contra sarampo acontece neste s\u00e1bado"},"content":{"rendered":"\n<p>A Secretaria de Estado da Sa\u00fade (SES) realiza, neste s\u00e1bado (19), o Dia D de vacina\u00e7\u00e3o contra o Sarampo. A campanha teve in\u00edcio no dia 7 de outubro e vai at\u00e9 o dia 25 com o objetivo de vacinar exclusivamente, e seletivamente, as crian\u00e7as entre seis meses e menores de cinco anos de idade (4 anos, 11 meses e 29 dias).<\/p>\n\n\n\n<p>O intuito da a\u00e7\u00e3o \u00e9 interromper a circula\u00e7\u00e3o viral e controlar a doen\u00e7a na Para\u00edba. A meta m\u00ednima a ser alcan\u00e7ada na campanha corresponde a 95% de cobertura vacinal, de forma homog\u00eanea, do p\u00fablico-alvo a ser vacinado.<\/p>\n\n\n\n<p>De acordo com a chefe do N\u00facleo de Imuniza\u00e7\u00e3o da SES, Isiane Queiroga, \u00e9 importante que os pais que ainda n\u00e3o atualizaram a caderneta de vacina\u00e7\u00e3o de seus filhos aproveitem o Dia D para levarem suas crian\u00e7as para vacinar. \u201cAproveitem este momento do s\u00e1bado, pois todos os munic\u00edpios fazem uma festa para esperar as crian\u00e7as. Dia 19, todas as unidades de sa\u00fade estar\u00e3o abertas o dia todo, das 8h \u00e0s 17h. Este \u00e9 um momento importante para levar a caderneta, avaliar e, caso seja necess\u00e1rio, tomar a vacina para que fique protegido\u201d, afirma.<\/p>\n\n\n\n<p>Isiane lembra que a campanha \u00e9 exclusiva para a Tr\u00edplice Viral e que todos os munic\u00edpios est\u00e3o abastecidos com a vacina. \u201cInclusive, esta semana, fizemos o reabastecimento das Ger\u00eancias Regionais de Sa\u00fade para garantir que, no s\u00e1bado, n\u00e3o falte vacina\u201d, pontua.<\/p>\n\n\n\n<p>Este ano, visando ampliar a participa\u00e7\u00e3o do Estado e apoiar os munic\u00edpios de maneira regional, a SES inovou na parceria e vai realizar o Dia D em 12 Regi\u00f5es de Sa\u00fade. Os munic\u00edpios parceiros s\u00e3o: Marca\u00e7\u00e3o, Bananeiras, Campina Grande, Nova Floresta, S\u00e3o Jos\u00e9 dos Cordeiros, Patos, S\u00e3o Jos\u00e9 de Caiana, Bel\u00e9m de Brejo do Cruz, Carrapateira, Sousa, Imaculada e Gurinh\u00e9m.<\/p>\n\n\n\n<p>A SES recomenda aos 223 munic\u00edpios que todos os postos de vacina\u00e7\u00e3o estejam abertos com oferta de vacina. A a\u00e7\u00e3o no estado contar\u00e1 com mais de mil postos de vacina\u00e7\u00e3o e envolvimento de sete mil pessoas.<\/p>\n","protected":false},"excerpt":{"rendered":"<p>A Secretaria de Estado da Sa\u00fade (SES) realiza, neste s\u00e1bado (19), o Dia D de vacina\u00e7\u00e3o contra o Sarampo. A campanha teve in\u00edcio no dia&hellip; <\/p>\n","protected":false},"author":1,"featured_media":118319,"comment_status":"closed","ping_status":"closed","sticky":false,"template":"","format":"standard","meta":{"sfsi_plus_gutenberg_text_before_share":"","sfsi_plus_gutenberg_show_text_before_share":"","sfsi_plus_gutenberg_icon_type":"","sfsi_plus_gutenberg_icon_alignemt":"","sfsi_plus_gutenburg_max_per_row":"","footnotes":""},"categories":[16],"tags":[],"class_list":["post-127096","post","type-post","status-publish","format-standard","has-post-thumbnail","hentry","category-saude"],"_links":{"self":[{"href":"https:\/\/www.caririemacao.com\/1\/wp-json\/wp\/v2\/posts\/127096","targetHints":{"allow":["GET"]}}],"collection":[{"href":"https:\/\/www.caririemacao.com\/1\/wp-json\/wp\/v2\/posts"}],"about":[{"href":"https:\/\/www.caririemacao.com\/1\/wp-json\/wp\/v2\/types\/post"}],"author":[{"embeddable":true,"href":"https:\/\/www.caririemacao.com\/1\/wp-json\/wp\/v2\/users\/1"}],"replies":[{"embeddable":true,"href":"https:\/\/www.caririemacao.com\/1\/wp-json\/wp\/v2\/comments?post=127096"}],"version-history":[{"count":1,"href":"https:\/\/www.caririemacao.com\/1\/wp-json\/wp\/v2\/posts\/127096\/revisions"}],"predecessor-version":[{"id":127097,"href":"https:\/\/www.caririemacao.com\/1\/wp-json\/wp\/v2\/posts\/127096\/revisions\/127097"}],"wp:featuredmedia":[{"embeddable":true,"href":"https:\/\/www.caririemacao.com\/1\/wp-json\/wp\/v2\/media\/118319"}],"wp:attachment":[{"href":"https:\/\/www.caririemacao.com\/1\/wp-json\/wp\/v2\/media?parent=127096"}],"wp:term":[{"taxonomy":"category","embeddable":true,"href":"https:\/\/www.caririemacao.com\/1\/wp-json\/wp\/v2\/categories?post=127096"},{"taxonomy":"post_tag","embeddable":true,"href":"https:\/\/www.caririemacao.com\/1\/wp-json\/wp\/v2\/tags?post=127096"}],"curies":[{"name":"wp","href":"https:\/\/api.w.org\/{rel}","templated":true}]}}