{"id":127101,"date":"2019-10-16T15:32:24","date_gmt":"2019-10-16T18:32:24","guid":{"rendered":"http:\/\/www.caririemacao.com\/1\/?p=127101"},"modified":"2019-10-16T15:32:24","modified_gmt":"2019-10-16T18:32:24","slug":"governo-federal-oferece-descontos-para-regularizacao-de-dividas","status":"publish","type":"post","link":"https:\/\/www.caririemacao.com\/1\/2019\/10\/16\/governo-federal-oferece-descontos-para-regularizacao-de-dividas\/","title":{"rendered":"Governo federal oferece descontos para regulariza\u00e7\u00e3o de d\u00edvidas"},"content":{"rendered":"\n<p>(FOLHAPRESS) \u2013 O presidente Jair Bolsonaro lan\u00e7ou nesta quarta-feira (16) uma Medida Provis\u00f3ria para estimular a regulariza\u00e7\u00e3o de d\u00edvidas de contribuintes com o governo federal por meio da negocia\u00e7\u00e3o de d\u00e9bitos tribut\u00e1rios.<\/p>\n\n\n\n<p>Pela iniciativa, poder\u00e3o ser concedidos benef\u00edcios fiscais tanto aos compromissos em disputa judicial como aos j\u00e1 inscritos na d\u00edvida ativa e que cumpram requisitos, como o fato do contribuinte n\u00e3o ter praticado concorr\u00eancia desleal ou a\u00e7\u00e3o fraudulenta.<\/p>\n\n\n\n<p>Al\u00e9m disso, ser\u00e3o beneficiados aqueles que t\u00eam d\u00edvidas classificadas como \u201cC\u201d ou \u201cD\u201d no rating da D\u00edvida Ativa da Uni\u00e3o, que tenham reconhecido o d\u00e9bito junto ao poder p\u00fablico e que n\u00e3o tenham alienado bens ou direitos quando exigido pela legisla\u00e7\u00e3o.<\/p>\n\n\n\n<p>A medida prev\u00ea desconto inicial de 50% sobre o total da d\u00edvida, que pode chegar a 70% no caso de pessoas f\u00edsicas, bem como de micro ou de pequenas empresas. O prazo inicial de pagamento \u00e9 de at\u00e9 84 meses, que pode ser estendido para 100 meses.<\/p>\n\n\n\n<p>A estimativa da equipe econ\u00f4mica \u00e9 que a medida, que ainda tem de ser aprovada pelo Congresso Nacional, permita a regulariza\u00e7\u00e3o de 1,9 milh\u00f5es de devedores, que apresentam juntos uma d\u00edvida com o poder p\u00fablico que supera R$ 1,4 trilh\u00e3o.<\/p>\n\n\n\n<p>No discurso, Bolsonaro disse que a iniciativa tem como objetivo atender a quem produz, porque, segundo ele, \u00e9 uma \u201cdificuldade ser patr\u00e3o no Brasil\u201d. Ele apelidou a medida provis\u00f3ria de \u201csegunda chance\u201d e disse que ela ir\u00e1 diminuir tamb\u00e9m a quantidade de processos judiciais.<\/p>\n\n\n\n<p>\u201cO que n\u00f3s pretendemos fazer \u00e9 dar uma segunda chance para quem n\u00e3o deu certo no passado. Quantas vezes, junto ao nosso amor, um n\u00e3o d\u00e1 uma segunda chance ao outro? \u00c9 assim na vida, de maneira geral\u201d, afirmou.<\/p>\n\n\n\n<p>ECONOMIA SOCIALISTA<br>Em uma cr\u00edtica \u00e0 esquerda, ele classificou a gest\u00e3o econ\u00f4mica do pa\u00eds como socialista e disse que a atividade do setor privado sofre uma \u201cinterfer\u00eancia enorme\u201d do poder p\u00fablico.<\/p>\n\n\n\n<p>Afirmou que seu governo tem restabelecido a confian\u00e7a de investidores estrangeiros ao fazer o pa\u00eds deixar de adotar uma postura socialista na \u00e1rea econ\u00f4mica.<\/p>\n\n\n\n<p>\u201c[H\u00e1 uma] quantidade de investidores que querem vir para o Brasil. Est\u00e3o acreditando em n\u00f3s. Isso vem de onde? Do restabelecimento da confian\u00e7a, de cada vez mais n\u00f3s deixarmos de sermos socialistas na economia. N\u00f3s somos socialistas\u201d, disse.<\/p>\n\n\n\n<p>O termo tamb\u00e9m foi usado por Bolsonaro em discurso na abertura da Assembleia Geral da ONU (Organiza\u00e7\u00e3o das Na\u00e7\u00f5es Unidas), em setembro. Ele disse que o Brasil ressurge agora \u201cdepois de estar \u00e0 beira do socialismo\u201d, apesar de o pa\u00eds nunca ter tido um governo socialista.<\/p>\n\n\n\n<p>\u201cO Brasil n\u00e3o pode ser socialista na economia? \u00c9. Uma interfer\u00eancia enorme por parte do Estado em cima de quem produz. N\u00e3o podemos, n\u00f3s Estado, olhar para o contribuinte, para quem produz, e termos uma ideia de que ali tem uma fonte de renda para n\u00f3s. Isso n\u00e3o pode ser assim\u201d, afirmou.<br><\/p>\n","protected":false},"excerpt":{"rendered":"<p>(FOLHAPRESS) \u2013 O presidente Jair Bolsonaro lan\u00e7ou nesta quarta-feira (16) uma Medida Provis\u00f3ria para estimular a regulariza\u00e7\u00e3o de d\u00edvidas de contribuintes com o governo federal&hellip; <\/p>\n","protected":false},"author":1,"featured_media":105316,"comment_status":"closed","ping_status":"closed","sticky":false,"template":"","format":"standard","meta":{"sfsi_plus_gutenberg_text_before_share":"","sfsi_plus_gutenberg_show_text_before_share":"","sfsi_plus_gutenberg_icon_type":"","sfsi_plus_gutenberg_icon_alignemt":"","sfsi_plus_gutenburg_max_per_row":"","footnotes":""},"categories":[11],"tags":[],"class_list":["post-127101","post","type-post","status-publish","format-standard","has-post-thumbnail","hentry","category-politica"],"_links":{"self":[{"href":"https:\/\/www.caririemacao.com\/1\/wp-json\/wp\/v2\/posts\/127101","targetHints":{"allow":["GET"]}}],"collection":[{"href":"https:\/\/www.caririemacao.com\/1\/wp-json\/wp\/v2\/posts"}],"about":[{"href":"https:\/\/www.caririemacao.com\/1\/wp-json\/wp\/v2\/types\/post"}],"author":[{"embeddable":true,"href":"https:\/\/www.caririemacao.com\/1\/wp-json\/wp\/v2\/users\/1"}],"replies":[{"embeddable":true,"href":"https:\/\/www.caririemacao.com\/1\/wp-json\/wp\/v2\/comments?post=127101"}],"version-history":[{"count":1,"href":"https:\/\/www.caririemacao.com\/1\/wp-json\/wp\/v2\/posts\/127101\/revisions"}],"predecessor-version":[{"id":127102,"href":"https:\/\/www.caririemacao.com\/1\/wp-json\/wp\/v2\/posts\/127101\/revisions\/127102"}],"wp:featuredmedia":[{"embeddable":true,"href":"https:\/\/www.caririemacao.com\/1\/wp-json\/wp\/v2\/media\/105316"}],"wp:attachment":[{"href":"https:\/\/www.caririemacao.com\/1\/wp-json\/wp\/v2\/media?parent=127101"}],"wp:term":[{"taxonomy":"category","embeddable":true,"href":"https:\/\/www.caririemacao.com\/1\/wp-json\/wp\/v2\/categories?post=127101"},{"taxonomy":"post_tag","embeddable":true,"href":"https:\/\/www.caririemacao.com\/1\/wp-json\/wp\/v2\/tags?post=127101"}],"curies":[{"name":"wp","href":"https:\/\/api.w.org\/{rel}","templated":true}]}}