{"id":127103,"date":"2019-10-16T15:33:57","date_gmt":"2019-10-16T18:33:57","guid":{"rendered":"http:\/\/www.caririemacao.com\/1\/?p=127103"},"modified":"2019-10-16T15:33:57","modified_gmt":"2019-10-16T18:33:57","slug":"senado-aprova-texto-e-historico-pode-agravar-pena-por-crime-ambiental","status":"publish","type":"post","link":"https:\/\/www.caririemacao.com\/1\/2019\/10\/16\/senado-aprova-texto-e-historico-pode-agravar-pena-por-crime-ambiental\/","title":{"rendered":"Senado aprova texto e hist\u00f3rico pode agravar pena por crime ambiental"},"content":{"rendered":"\n<p>Em decis\u00e3o terminativa, a Comiss\u00e3o de Constitui\u00e7\u00e3o e Justi\u00e7a (CCJ) do Senado aprovou hoje (16) o projeto de lei (PL) 553\/2019, no qual os antecedentes de uma empresa poder\u00e3o ser determinantes em um julgamento de crimes ambientais.<\/p>\n\n\n\n<p>O texto seguir\u00e1 para a C\u00e2mara dos Deputados, desde que n\u00e3o seja apresentado recurso para vota\u00e7\u00e3o no plen\u00e1rio da Casa.<\/p>\n\n\n\n<p>A proposta acrescenta \u00e0 Lei de Crimes Ambientais (Lei 9.605 de 1998) considera\u00e7\u00f5es sobre os antecedentes da empresa autuada por delitos na \u00e1rea.<\/p>\n\n\n\n<p>\u201cDefendo que a lei considere se a empresa tinha boas pr\u00e1ticas de gest\u00e3o ambiental, se observava os procedimentos legais, se realizava auditorias peri\u00f3dicas e se punia os seus funcion\u00e1rios envolvidos em infra\u00e7\u00f5es ambientais. Isso \u00e9 fundamental para o juiz graduar sua decis\u00e3o\u201d, disse o autor da proposta, senador Styvenson Valentim (Podemos-RN).<\/p>\n","protected":false},"excerpt":{"rendered":"<p>Em decis\u00e3o terminativa, a Comiss\u00e3o de Constitui\u00e7\u00e3o e Justi\u00e7a (CCJ) do Senado aprovou hoje (16) o projeto de lei (PL) 553\/2019, no qual os antecedentes&hellip; <\/p>\n","protected":false},"author":1,"featured_media":83237,"comment_status":"closed","ping_status":"closed","sticky":false,"template":"","format":"standard","meta":{"sfsi_plus_gutenberg_text_before_share":"","sfsi_plus_gutenberg_show_text_before_share":"","sfsi_plus_gutenberg_icon_type":"","sfsi_plus_gutenberg_icon_alignemt":"","sfsi_plus_gutenburg_max_per_row":"","footnotes":""},"categories":[11],"tags":[],"class_list":["post-127103","post","type-post","status-publish","format-standard","has-post-thumbnail","hentry","category-politica"],"_links":{"self":[{"href":"https:\/\/www.caririemacao.com\/1\/wp-json\/wp\/v2\/posts\/127103","targetHints":{"allow":["GET"]}}],"collection":[{"href":"https:\/\/www.caririemacao.com\/1\/wp-json\/wp\/v2\/posts"}],"about":[{"href":"https:\/\/www.caririemacao.com\/1\/wp-json\/wp\/v2\/types\/post"}],"author":[{"embeddable":true,"href":"https:\/\/www.caririemacao.com\/1\/wp-json\/wp\/v2\/users\/1"}],"replies":[{"embeddable":true,"href":"https:\/\/www.caririemacao.com\/1\/wp-json\/wp\/v2\/comments?post=127103"}],"version-history":[{"count":1,"href":"https:\/\/www.caririemacao.com\/1\/wp-json\/wp\/v2\/posts\/127103\/revisions"}],"predecessor-version":[{"id":127104,"href":"https:\/\/www.caririemacao.com\/1\/wp-json\/wp\/v2\/posts\/127103\/revisions\/127104"}],"wp:featuredmedia":[{"embeddable":true,"href":"https:\/\/www.caririemacao.com\/1\/wp-json\/wp\/v2\/media\/83237"}],"wp:attachment":[{"href":"https:\/\/www.caririemacao.com\/1\/wp-json\/wp\/v2\/media?parent=127103"}],"wp:term":[{"taxonomy":"category","embeddable":true,"href":"https:\/\/www.caririemacao.com\/1\/wp-json\/wp\/v2\/categories?post=127103"},{"taxonomy":"post_tag","embeddable":true,"href":"https:\/\/www.caririemacao.com\/1\/wp-json\/wp\/v2\/tags?post=127103"}],"curies":[{"name":"wp","href":"https:\/\/api.w.org\/{rel}","templated":true}]}}