{"id":127105,"date":"2019-10-16T15:35:32","date_gmt":"2019-10-16T18:35:32","guid":{"rendered":"http:\/\/www.caririemacao.com\/1\/?p=127105"},"modified":"2019-10-16T15:35:32","modified_gmt":"2019-10-16T18:35:32","slug":"mppb-inaugura-nova-sede-da-promotoria-de-justica-de-monteiro","status":"publish","type":"post","link":"https:\/\/www.caririemacao.com\/1\/2019\/10\/16\/mppb-inaugura-nova-sede-da-promotoria-de-justica-de-monteiro\/","title":{"rendered":"MPPB inaugura nova sede da Promotoria de Justi\u00e7a de Monteiro"},"content":{"rendered":"\n<p>\u201cHoje entregamos a Monteiro este pr\u00e9dio que deve continuar a ser para todo o sempre a casa do Minist\u00e9rio P\u00fablico para o povo desta cidade\u201d. Essas foram palavras do procurador-geral de Justi\u00e7a, Francisco Ser\u00e1phico da N\u00f3brega Filho, ao inaugurar na manh\u00e3 desta ter\u00e7a-feira (15\/10) a reforma e amplia\u00e7\u00e3o da Promotoria de Justi\u00e7a de Monteiro. Com uma \u00e1rea constru\u00edda de 341,9 m2, a promotoria atende aos habitantes das cidades de Monteiro, Camala\u00fa, S\u00e3o Jo\u00e3o do Tigre, S\u00e3o Sebasti\u00e3o do Umbuzeiro e Zabel\u00ea.<\/p>\n\n\n\n<p>A solenidade contou com a presen\u00e7a dos procuradores Francisco Sagres e Jos\u00e9 Raimundo de Lima, os promotores Ant\u00f4nio Hortencio Rocha Neto, Diogo Galv\u00e3o, Ant\u00f4nio Barroso, Amadeus Lopes, Eduardo Mayer, Socorro Mayer e Bruno Leonardo Lins. Tamb\u00e9m participaram autoridades locais e servidores da Promotoria. O procurador-geral destacou ainda que a obra representa um marco simb\u00f3lico do respeito da institui\u00e7\u00e3o pela popula\u00e7\u00e3o de Monteiro. \u201cA verdadeira raz\u00e3o de nossa institui\u00e7\u00e3o \u00e9 o interesse p\u00fablico, sobretudo na defesa dos cidad\u00e3os mais humildes\u201d.<\/p>\n\n\n\n<p>O promotor que coordena a Promotoria, Diogo Galv\u00e3o, agradeceu pela nova promotoria e destacou que a miss\u00e3o do MP demanda que tenha condi\u00e7\u00f5es materiais e f\u00edsicas para prestar o servi\u00e7o \u00e0 popula\u00e7\u00e3o. J\u00e1 o promotor Eduardo Mayer relembrou como foi obtida a \u00e1rea em o pr\u00e9dio da Promotoria est\u00e1 que \u00e9 uma alegria conseguiu a \u00e1rea onde est\u00e1 a Promotoria e ressaltou que os promotores t\u00eam um ambiente melhor para receber as pessoas que procuram o MP.<\/p>\n\n\n\n<p>Para o presidente da APMP, M\u00e1rcio Gondim, o Cariri est\u00e1 em festa pela Promotoria que se completa. \u201cO MP vem evoluindo ao longo do tempo. Que a Promotoria que se procura por infelicidade mas se acha por alegria\u201d. A prefeita de Monteiro, Ana Lorena de Farias, disse que com a nova sede, os mun\u00edcipes ser\u00e3o acolhidos com uma estrutura melhor.<\/p>\n\n\n\n<p><strong>Reforma e amplia\u00e7\u00e3o<\/strong><\/p>\n\n\n\n<p>A sede disp\u00f5e agora de tr\u00eas gabinetes para promotor, sala de reuni\u00e3o, cart\u00f3rio, sala de estagi\u00e1rio, audit\u00f3rio para 30 lugares, arquivo, recep\u00e7\u00e3o, copa, \u00e1rea de servi\u00e7o e estacionamento com sete vagas. O pr\u00e9dio da Promotoria de Monteiro \u2013 localizado na Rua Gilverson de Ara\u00fajo Cordeiro, 97, Centro \u2013 \u00e9 pr\u00f3prio e passou por obras de reforma e amplia\u00e7\u00e3o para atender a atual demanda do MPPB, na regi\u00e3o<\/p>\n","protected":false},"excerpt":{"rendered":"<p>\u201cHoje entregamos a Monteiro este pr\u00e9dio que deve continuar a ser para todo o sempre a casa do Minist\u00e9rio P\u00fablico para o povo desta cidade\u201d.&hellip; <\/p>\n","protected":false},"author":1,"featured_media":127106,"comment_status":"closed","ping_status":"closed","sticky":false,"template":"","format":"standard","meta":{"sfsi_plus_gutenberg_text_before_share":"","sfsi_plus_gutenberg_show_text_before_share":"","sfsi_plus_gutenberg_icon_type":"","sfsi_plus_gutenberg_icon_alignemt":"","sfsi_plus_gutenburg_max_per_row":"","footnotes":""},"categories":[6],"tags":[],"class_list":["post-127105","post","type-post","status-publish","format-standard","has-post-thumbnail","hentry","category-cidades"],"_links":{"self":[{"href":"https:\/\/www.caririemacao.com\/1\/wp-json\/wp\/v2\/posts\/127105","targetHints":{"allow":["GET"]}}],"collection":[{"href":"https:\/\/www.caririemacao.com\/1\/wp-json\/wp\/v2\/posts"}],"about":[{"href":"https:\/\/www.caririemacao.com\/1\/wp-json\/wp\/v2\/types\/post"}],"author":[{"embeddable":true,"href":"https:\/\/www.caririemacao.com\/1\/wp-json\/wp\/v2\/users\/1"}],"replies":[{"embeddable":true,"href":"https:\/\/www.caririemacao.com\/1\/wp-json\/wp\/v2\/comments?post=127105"}],"version-history":[{"count":1,"href":"https:\/\/www.caririemacao.com\/1\/wp-json\/wp\/v2\/posts\/127105\/revisions"}],"predecessor-version":[{"id":127107,"href":"https:\/\/www.caririemacao.com\/1\/wp-json\/wp\/v2\/posts\/127105\/revisions\/127107"}],"wp:featuredmedia":[{"embeddable":true,"href":"https:\/\/www.caririemacao.com\/1\/wp-json\/wp\/v2\/media\/127106"}],"wp:attachment":[{"href":"https:\/\/www.caririemacao.com\/1\/wp-json\/wp\/v2\/media?parent=127105"}],"wp:term":[{"taxonomy":"category","embeddable":true,"href":"https:\/\/www.caririemacao.com\/1\/wp-json\/wp\/v2\/categories?post=127105"},{"taxonomy":"post_tag","embeddable":true,"href":"https:\/\/www.caririemacao.com\/1\/wp-json\/wp\/v2\/tags?post=127105"}],"curies":[{"name":"wp","href":"https:\/\/api.w.org\/{rel}","templated":true}]}}