{"id":127109,"date":"2019-10-16T15:37:54","date_gmt":"2019-10-16T18:37:54","guid":{"rendered":"http:\/\/www.caririemacao.com\/1\/?p=127109"},"modified":"2019-10-16T15:37:54","modified_gmt":"2019-10-16T18:37:54","slug":"prefeitura-de-monteiro-entrega-reforma-da-unidade-ancora-da-comunidade-de-pocinhos","status":"publish","type":"post","link":"https:\/\/www.caririemacao.com\/1\/2019\/10\/16\/prefeitura-de-monteiro-entrega-reforma-da-unidade-ancora-da-comunidade-de-pocinhos\/","title":{"rendered":"Prefeitura de Monteiro entrega reforma da Unidade \u00c2ncora da comunidade de Pocinhos"},"content":{"rendered":"\n<p>As comunidades rurais de Esp\u00edrito Santo e Serra Branca, receberam na manh\u00e3 desta ter\u00e7a-feira, 15, mais um presente da administra\u00e7\u00e3o municipal que melhora ainda mais as condi\u00e7\u00f5es de atendimento e comodidade da popula\u00e7\u00e3o, a reinaugura\u00e7\u00e3o da Unidade \u00c2ncora \u00a0de Sa\u00fade de Pocinhos.As instala\u00e7\u00f5es reformadas e ampliadas atendem 184 fam\u00edlias com marca\u00e7\u00e3o de consultas cl\u00ednicas, vacina\u00e7\u00e3o, atendimento odontol\u00f3gico e outros; tamb\u00e9m receberam a A\u00e7\u00e3o Outubro Rosa que promoveu a realiza\u00e7\u00e3o de exames Citol\u00f3gico, Hiperdia, HAS, Pr\u00e9-natal, al\u00e9m de\u00a0<\/p>\n\n\n\n<div class=\"wp-block-image\"><figure class=\"alignleft is-resized\"><img fetchpriority=\"high\" decoding=\"async\" src=\"https:\/\/i0.wp.com\/www.vitrinedocariri.com.br\/wp-content\/uploads\/2019\/10\/Prefeitura-de-Monteiro-entrega-reforma-da-Unidade-%C3%82ncora-da-comunidade-de-Pocinhos-6.jpeg?resize=300%2C199&amp;ssl=1\" alt=\"\" class=\"wp-image-55404\" width=\"386\" height=\"256\"\/><\/figure><\/div>\n\n\n\n<p><\/p>\n\n\n\n<p><\/p>\n\n\n\n<p>Palestra educativa sobre preven\u00e7\u00e3o do c\u00e2ncer de mama, e outras orienta\u00e7\u00f5es.\u201cAo todo foram atendidos 55 pacientes dentro desta a\u00e7\u00e3o que tamb\u00e9m marcou a reinaugura\u00e7\u00e3o desta Unidade \u00c2ncora, estamos muito felizes em proporcionar mais este benef\u00edcio para a popula\u00e7\u00e3o, uma unidade mais aconchegante e um evento t\u00e3o importante em alus\u00e3o ao Outubro Rosa\u201d, comenta a secret\u00e1ria executiva de sa\u00fade, Viviane Ferreira.<br>Outubro RosaAs a\u00e7\u00f5es do Outubro Rosa est\u00e3o sendo realizadas em Monteiro pela secretaria de sa\u00fade por meio do N\u00facleo de Apoio \u00e0 Sa\u00fade da Fam\u00edlia \u2013 NASF, e contam com atividades em todos os Postos de Sa\u00fade da \u00e1rea urbana e rural do Munic\u00edpio.<\/p>\n\n\n\n<p><strong>Confira a agenda do m\u00eas:<\/strong><br>16 \u2013 Postos de Sa\u00fade 02 e 04<br>17 \u2013 Centro da Mulher<br>21 \u2013 Posto de Sa\u00fade \u00a007<br>23 \u2013 Postos de Sa\u00fade 09 e 12 e Academia da Sa\u00fade da Vila Santa Maria<br>31 \u2013 Postos de Sa\u00fade 03 e 13<br><\/p>\n","protected":false},"excerpt":{"rendered":"<p>As comunidades rurais de Esp\u00edrito Santo e Serra Branca, receberam na manh\u00e3 desta ter\u00e7a-feira, 15, mais um presente da administra\u00e7\u00e3o municipal que melhora ainda mais&hellip; <\/p>\n","protected":false},"author":1,"featured_media":127110,"comment_status":"closed","ping_status":"closed","sticky":false,"template":"","format":"standard","meta":{"sfsi_plus_gutenberg_text_before_share":"","sfsi_plus_gutenberg_show_text_before_share":"","sfsi_plus_gutenberg_icon_type":"","sfsi_plus_gutenberg_icon_alignemt":"","sfsi_plus_gutenburg_max_per_row":"","footnotes":""},"categories":[6],"tags":[],"class_list":["post-127109","post","type-post","status-publish","format-standard","has-post-thumbnail","hentry","category-cidades"],"_links":{"self":[{"href":"https:\/\/www.caririemacao.com\/1\/wp-json\/wp\/v2\/posts\/127109","targetHints":{"allow":["GET"]}}],"collection":[{"href":"https:\/\/www.caririemacao.com\/1\/wp-json\/wp\/v2\/posts"}],"about":[{"href":"https:\/\/www.caririemacao.com\/1\/wp-json\/wp\/v2\/types\/post"}],"author":[{"embeddable":true,"href":"https:\/\/www.caririemacao.com\/1\/wp-json\/wp\/v2\/users\/1"}],"replies":[{"embeddable":true,"href":"https:\/\/www.caririemacao.com\/1\/wp-json\/wp\/v2\/comments?post=127109"}],"version-history":[{"count":1,"href":"https:\/\/www.caririemacao.com\/1\/wp-json\/wp\/v2\/posts\/127109\/revisions"}],"predecessor-version":[{"id":127111,"href":"https:\/\/www.caririemacao.com\/1\/wp-json\/wp\/v2\/posts\/127109\/revisions\/127111"}],"wp:featuredmedia":[{"embeddable":true,"href":"https:\/\/www.caririemacao.com\/1\/wp-json\/wp\/v2\/media\/127110"}],"wp:attachment":[{"href":"https:\/\/www.caririemacao.com\/1\/wp-json\/wp\/v2\/media?parent=127109"}],"wp:term":[{"taxonomy":"category","embeddable":true,"href":"https:\/\/www.caririemacao.com\/1\/wp-json\/wp\/v2\/categories?post=127109"},{"taxonomy":"post_tag","embeddable":true,"href":"https:\/\/www.caririemacao.com\/1\/wp-json\/wp\/v2\/tags?post=127109"}],"curies":[{"name":"wp","href":"https:\/\/api.w.org\/{rel}","templated":true}]}}