{"id":127112,"date":"2019-10-16T15:43:04","date_gmt":"2019-10-16T18:43:04","guid":{"rendered":"http:\/\/www.caririemacao.com\/1\/?p=127112"},"modified":"2019-10-16T15:43:04","modified_gmt":"2019-10-16T18:43:04","slug":"haddad-espera-harmonia-entre-joao-e-ricardo-em-prol-do-futuro-da-paraiba","status":"publish","type":"post","link":"https:\/\/www.caririemacao.com\/1\/2019\/10\/16\/haddad-espera-harmonia-entre-joao-e-ricardo-em-prol-do-futuro-da-paraiba\/","title":{"rendered":"Haddad espera \u201charmonia\u201d entre Jo\u00e3o e Ricardo em prol do futuro da Para\u00edba"},"content":{"rendered":"\n<p>O ex-prefeito de S\u00e3o Paulo e ex-candidato a presidente da Rep\u00fablica, Fernando Haddad (PT), comentou a crise entre o governador Jo\u00e3o Azev\u00eado (PSB) e o atual presidente da legenda no Estado, o ex-governador Ricardo Coutinho. O petista disse que uma harmonia entre os dois \u00e9 fundamental para o projeto progressista na Para\u00edba e no Nordeste. <\/p>\n\n\n\n<p>\u201cEspero que o governador [Jo\u00e3o Azev\u00eado] e o ex-governador [Ricardo Coutinho] possam voltar a estarem juntos em harmonia para que a gente pense o futuro da Para\u00edba e do Nordeste mantendo a linha de desenvolvimento\u201d, afirmou.<\/p>\n\n\n\n<p>Haddad considerou que o Nordeste cresceu muito nos \u00faltimos anos com o Governo Lula e com governadores que sustentaram o \u201cprojeto de emancipa\u00e7\u00e3o\u201d da regi\u00e3o. Para ele, \u201co Nordeste nasceu de novo\u201d.<\/p>\n\n\n\n<p>\u201cO Nordeste se desenvolveu muito nos 20 anos e era uma regi\u00e3o que carecia de aten\u00e7\u00e3o do Governo Federal e, gra\u00e7as \u00e0 Lula, houve uma revolu\u00e7\u00e3o da regi\u00e3o e isso foi sustentado por governadores comprometidos com projeto de emancipa\u00e7\u00e3o e n\u00e3o podemos em nenhum estado do Nordeste perder isso de vista. O Nordeste nasceu de novo\u201d, finalizou.<\/p>\n","protected":false},"excerpt":{"rendered":"<p>O ex-prefeito de S\u00e3o Paulo e ex-candidato a presidente da Rep\u00fablica, Fernando Haddad (PT), comentou a crise entre o governador Jo\u00e3o Azev\u00eado (PSB) e o&hellip; <\/p>\n","protected":false},"author":1,"featured_media":127113,"comment_status":"closed","ping_status":"closed","sticky":false,"template":"","format":"standard","meta":{"sfsi_plus_gutenberg_text_before_share":"","sfsi_plus_gutenberg_show_text_before_share":"","sfsi_plus_gutenberg_icon_type":"","sfsi_plus_gutenberg_icon_alignemt":"","sfsi_plus_gutenburg_max_per_row":"","footnotes":""},"categories":[11],"tags":[],"class_list":["post-127112","post","type-post","status-publish","format-standard","has-post-thumbnail","hentry","category-politica"],"_links":{"self":[{"href":"https:\/\/www.caririemacao.com\/1\/wp-json\/wp\/v2\/posts\/127112","targetHints":{"allow":["GET"]}}],"collection":[{"href":"https:\/\/www.caririemacao.com\/1\/wp-json\/wp\/v2\/posts"}],"about":[{"href":"https:\/\/www.caririemacao.com\/1\/wp-json\/wp\/v2\/types\/post"}],"author":[{"embeddable":true,"href":"https:\/\/www.caririemacao.com\/1\/wp-json\/wp\/v2\/users\/1"}],"replies":[{"embeddable":true,"href":"https:\/\/www.caririemacao.com\/1\/wp-json\/wp\/v2\/comments?post=127112"}],"version-history":[{"count":1,"href":"https:\/\/www.caririemacao.com\/1\/wp-json\/wp\/v2\/posts\/127112\/revisions"}],"predecessor-version":[{"id":127114,"href":"https:\/\/www.caririemacao.com\/1\/wp-json\/wp\/v2\/posts\/127112\/revisions\/127114"}],"wp:featuredmedia":[{"embeddable":true,"href":"https:\/\/www.caririemacao.com\/1\/wp-json\/wp\/v2\/media\/127113"}],"wp:attachment":[{"href":"https:\/\/www.caririemacao.com\/1\/wp-json\/wp\/v2\/media?parent=127112"}],"wp:term":[{"taxonomy":"category","embeddable":true,"href":"https:\/\/www.caririemacao.com\/1\/wp-json\/wp\/v2\/categories?post=127112"},{"taxonomy":"post_tag","embeddable":true,"href":"https:\/\/www.caririemacao.com\/1\/wp-json\/wp\/v2\/tags?post=127112"}],"curies":[{"name":"wp","href":"https:\/\/api.w.org\/{rel}","templated":true}]}}