{"id":127124,"date":"2019-10-16T17:12:55","date_gmt":"2019-10-16T20:12:55","guid":{"rendered":"http:\/\/www.caririemacao.com\/1\/?p=127124"},"modified":"2019-10-16T17:12:55","modified_gmt":"2019-10-16T20:12:55","slug":"prefeitura-de-amparo-realizou-grande-festa-para-comemorar-o-dia-do-professor","status":"publish","type":"post","link":"https:\/\/www.caririemacao.com\/1\/2019\/10\/16\/prefeitura-de-amparo-realizou-grande-festa-para-comemorar-o-dia-do-professor\/","title":{"rendered":"Prefeitura de Amparo realizou grande Festa para comemorar o Dia do Professor"},"content":{"rendered":"\n<p>Em celebra\u00e7\u00e3o ao \u201cDia do Professor\u201d, comemorado em todo o pa\u00eds no dia 15 de outubro,&nbsp;A Prefeitura Municipal de Amparo, por meio da Secretaria de Educa\u00e7\u00e3o realizou uma grande festa na noite desta ter\u00e7a-feira (15) para os professores Amparenses. O evento foi realizado no Col\u00e9gio Ildefonso A. da Silva.<\/p>\n\n\n\n<p><a href=\"https:\/\/1.bp.blogspot.com\/-Sf-hXgL4WLA\/XacrODZAaLI\/AAAAAAABEOA\/WxVKUQ_Q45gF9-94uzEAyRF8JwvgDzvuACLcBGAsYHQ\/s1600\/PREFEITURA%2BDE%2BAMPARODIA%2BDOS%2BPROFESSORES%2B-%2BAMPARO-PB%2B%25287%2529.JPG\"><\/a><br>O Prefeito In\u00e1cio N\u00f3brega, ao lado da primeira dama Cleide N\u00f3brega esteve presente ao evento, fazendo quest\u00e3o de cumprimentar todos os Professores presentes.<\/p>\n\n\n\n<p><a href=\"https:\/\/1.bp.blogspot.com\/-hRdQ42VOFLA\/XacrV6ILhKI\/AAAAAAABEOI\/l5iHqwtoi4UZi6vqrOOoxFFP9sGe8iKOwCLcBGAsYHQ\/s1600\/PREFEITURA%2BDE%2BAMPARODIA%2BDOS%2BPROFESSORES%2B-%2BAMPARO-PB%2B%252836%2529.JPG\"><\/a><br>A secret\u00e1ria de Educa\u00e7\u00e3o Fabiana agradeceu a todos que se empenharam para que o evento pudesse ser realizado em grande estilo, e mostrou a satisfa\u00e7\u00e3o em ver todos os profissionais reunidos naquele evento.<\/p>\n\n\n\n<p><a href=\"https:\/\/1.bp.blogspot.com\/-jC8TS-xmNGc\/Xacrjq7bQWI\/AAAAAAABEOQ\/GxLlupBOWVsNRIK0Uoa7zmwnMweElELpQCLcBGAsYHQ\/s1600\/PREFEITURA%2BDE%2BAMPARODIA%2BDOS%2BPROFESSORES%2B-%2BAMPARO-PB%2B%252846%2529.JPG\"><\/a><br>\u201cO momento \u00e9 de parabenizar voc\u00eas, sabemos da import\u00e2ncia e do valor que voc\u00eas tem para os alunos de Amparenses, sabemos tamb\u00e9m da dificuldade e do trabalho que \u00e9 ser professor, e atrav\u00e9s de voc\u00eas, esses alunos que est\u00e3o passando pelas escolas ser\u00e3o o futuro da nossa cidade. Quero agradecer a presen\u00e7a de todos, e agradecer tamb\u00e9m a toda equipe de apoio que vem nos ajudando na realiza\u00e7\u00e3o dos nossos eventos\u201d disse o Prefeito In\u00e1cio N\u00f3brega.<\/p>\n\n\n\n<p><a href=\"https:\/\/1.bp.blogspot.com\/-BQ0twBrMt-k\/XacrxXzNcfI\/AAAAAAABEOY\/BZuy0Fp-XeYwAEXaAGDtR5v1hYUeHxbIgCLcBGAsYHQ\/s1600\/PREFEITURA%2BDE%2BAMPARODIA%2BDOS%2BPROFESSORES%2B-%2BAMPARO-PB%2B%2528126%2529.JPG\"><\/a><br>Tivemos uma bela homenagem para algumas professoras que j\u00e1 est\u00e3o aposentadas, mas que tiveram grande contribui\u00e7\u00e3o para o crescimento da educa\u00e7\u00e3o em nosso munic\u00edpio, al\u00e9m de homenagens feitas por alunos para os professores.<\/p>\n\n\n\n<p><a href=\"https:\/\/1.bp.blogspot.com\/-VyTUQv6a7mA\/Xacr8833yzI\/AAAAAAABEOg\/Y8tJHl57pbUrQ1sPfQB8JX21uqC8DKCGQCLcBGAsYHQ\/s1600\/PREFEITURA%2BDE%2BAMPARODIA%2BDOS%2BPROFESSORES%2B-%2BAMPARO-PB%2B%252881%2529.JPG\"><\/a><br>Pelo 2\u00ba ano seguido, os professores, diretores e coordenadores destaque foram premiados com trof\u00e9u, esse \u00e9 um jeito de demonstrar o reconhecimento e import\u00e2ncia dos professores para os alunos.<br>Ap\u00f3s as homenagens e a premia\u00e7\u00e3o, foi servido o jantar e para encerrar, foi distribu\u00eddo uma lembran\u00e7a aos professores e eles puderam se divertir e dan\u00e7as na Balada dos Professores.<br><\/p>\n","protected":false},"excerpt":{"rendered":"<p>Em celebra\u00e7\u00e3o ao \u201cDia do Professor\u201d, comemorado em todo o pa\u00eds no dia 15 de outubro,&nbsp;A Prefeitura Municipal de Amparo, por meio da Secretaria de&hellip; <\/p>\n","protected":false},"author":1,"featured_media":127126,"comment_status":"closed","ping_status":"closed","sticky":false,"template":"","format":"standard","meta":{"sfsi_plus_gutenberg_text_before_share":"","sfsi_plus_gutenberg_show_text_before_share":"","sfsi_plus_gutenberg_icon_type":"","sfsi_plus_gutenberg_icon_alignemt":"","sfsi_plus_gutenburg_max_per_row":"","footnotes":""},"categories":[6],"tags":[],"class_list":["post-127124","post","type-post","status-publish","format-standard","has-post-thumbnail","hentry","category-cidades"],"_links":{"self":[{"href":"https:\/\/www.caririemacao.com\/1\/wp-json\/wp\/v2\/posts\/127124","targetHints":{"allow":["GET"]}}],"collection":[{"href":"https:\/\/www.caririemacao.com\/1\/wp-json\/wp\/v2\/posts"}],"about":[{"href":"https:\/\/www.caririemacao.com\/1\/wp-json\/wp\/v2\/types\/post"}],"author":[{"embeddable":true,"href":"https:\/\/www.caririemacao.com\/1\/wp-json\/wp\/v2\/users\/1"}],"replies":[{"embeddable":true,"href":"https:\/\/www.caririemacao.com\/1\/wp-json\/wp\/v2\/comments?post=127124"}],"version-history":[{"count":1,"href":"https:\/\/www.caririemacao.com\/1\/wp-json\/wp\/v2\/posts\/127124\/revisions"}],"predecessor-version":[{"id":127127,"href":"https:\/\/www.caririemacao.com\/1\/wp-json\/wp\/v2\/posts\/127124\/revisions\/127127"}],"wp:featuredmedia":[{"embeddable":true,"href":"https:\/\/www.caririemacao.com\/1\/wp-json\/wp\/v2\/media\/127126"}],"wp:attachment":[{"href":"https:\/\/www.caririemacao.com\/1\/wp-json\/wp\/v2\/media?parent=127124"}],"wp:term":[{"taxonomy":"category","embeddable":true,"href":"https:\/\/www.caririemacao.com\/1\/wp-json\/wp\/v2\/categories?post=127124"},{"taxonomy":"post_tag","embeddable":true,"href":"https:\/\/www.caririemacao.com\/1\/wp-json\/wp\/v2\/tags?post=127124"}],"curies":[{"name":"wp","href":"https:\/\/api.w.org\/{rel}","templated":true}]}}