{"id":127132,"date":"2019-10-16T19:25:35","date_gmt":"2019-10-16T22:25:35","guid":{"rendered":"http:\/\/www.caririemacao.com\/1\/?p=127132"},"modified":"2019-10-16T19:25:35","modified_gmt":"2019-10-16T22:25:35","slug":"tj-pb-decide-desinstalar-15-comarcas-do-estado-sao-joao-do-cariri-cabaceiras-e-prata-serao-afetadas","status":"publish","type":"post","link":"https:\/\/www.caririemacao.com\/1\/2019\/10\/16\/tj-pb-decide-desinstalar-15-comarcas-do-estado-sao-joao-do-cariri-cabaceiras-e-prata-serao-afetadas\/","title":{"rendered":"TJ-PB decide desinstalar 15 comarcas do Estado; S\u00e3o Jo\u00e3o do Cariri, Cabaceiras e Prata ser\u00e3o afetadas"},"content":{"rendered":"\n<p>Os desembargadores do Tribunal de Justi\u00e7a colocaram em pauta na tarde desta quarta-feira(16), em Jo\u00e3o Pessoa, o processo de desinstala\u00e7\u00e3o de 15 comarcas em todo o Estado da Para\u00edba.Por 15 votos a 02, os desembargadores entenderam que as comarcas devem ser desinstaladas e agregadas a outras unidades do Poder Judici\u00e1rio.Na regi\u00e3o do Cariri, os desembargadores por ampla maioria votaram pela exclus\u00e3o da comarca de Serra Branca da lista das desinstala\u00e7\u00f5es e acabaram decidindo pela desinstala\u00e7\u00e3o da comarca de S\u00e3o Jo\u00e3o do Cariri e sua agrega\u00e7\u00e3o \u00e0 comarca de Serra Branca.Ainda na regi\u00e3o foram desinstaladas as comarcas de Prata, Cabaceiras e a terceira Vara Mista de Monteiro.Ao final da decis\u00e3o, os prefeitos atingidos, H\u00e9lder Trajano (S\u00e3o Jo\u00e3o do Cariri), Tiago Castro (Cabaceiras), J\u00fanior N\u00f3brega (Prata) e Anna Lorena (Monteiro), juntamente com gestores de todo o Estado e a OAB j\u00e1 est\u00e3o articulando uma a\u00e7\u00e3o conjunta para entrarem com uma representa\u00e7\u00e3o no Conselho Nacional de Justi\u00e7a (CNJ), a fim de tentarem reverter a decis\u00e3o tomada pelos desembargadores do TJ-PB.<strong>DE OLHO NO CARIRI<\/strong><\/p>\n","protected":false},"excerpt":{"rendered":"<p>Os desembargadores do Tribunal de Justi\u00e7a colocaram em pauta na tarde desta quarta-feira(16), em Jo\u00e3o Pessoa, o processo de desinstala\u00e7\u00e3o de 15 comarcas em todo&hellip; <\/p>\n","protected":false},"author":1,"featured_media":125181,"comment_status":"closed","ping_status":"closed","sticky":false,"template":"","format":"standard","meta":{"sfsi_plus_gutenberg_text_before_share":"","sfsi_plus_gutenberg_show_text_before_share":"","sfsi_plus_gutenberg_icon_type":"","sfsi_plus_gutenberg_icon_alignemt":"","sfsi_plus_gutenburg_max_per_row":"","footnotes":""},"categories":[2],"tags":[],"class_list":["post-127132","post","type-post","status-publish","format-standard","has-post-thumbnail","hentry","category-geral"],"_links":{"self":[{"href":"https:\/\/www.caririemacao.com\/1\/wp-json\/wp\/v2\/posts\/127132","targetHints":{"allow":["GET"]}}],"collection":[{"href":"https:\/\/www.caririemacao.com\/1\/wp-json\/wp\/v2\/posts"}],"about":[{"href":"https:\/\/www.caririemacao.com\/1\/wp-json\/wp\/v2\/types\/post"}],"author":[{"embeddable":true,"href":"https:\/\/www.caririemacao.com\/1\/wp-json\/wp\/v2\/users\/1"}],"replies":[{"embeddable":true,"href":"https:\/\/www.caririemacao.com\/1\/wp-json\/wp\/v2\/comments?post=127132"}],"version-history":[{"count":1,"href":"https:\/\/www.caririemacao.com\/1\/wp-json\/wp\/v2\/posts\/127132\/revisions"}],"predecessor-version":[{"id":127134,"href":"https:\/\/www.caririemacao.com\/1\/wp-json\/wp\/v2\/posts\/127132\/revisions\/127134"}],"wp:featuredmedia":[{"embeddable":true,"href":"https:\/\/www.caririemacao.com\/1\/wp-json\/wp\/v2\/media\/125181"}],"wp:attachment":[{"href":"https:\/\/www.caririemacao.com\/1\/wp-json\/wp\/v2\/media?parent=127132"}],"wp:term":[{"taxonomy":"category","embeddable":true,"href":"https:\/\/www.caririemacao.com\/1\/wp-json\/wp\/v2\/categories?post=127132"},{"taxonomy":"post_tag","embeddable":true,"href":"https:\/\/www.caririemacao.com\/1\/wp-json\/wp\/v2\/tags?post=127132"}],"curies":[{"name":"wp","href":"https:\/\/api.w.org\/{rel}","templated":true}]}}