{"id":127141,"date":"2019-10-16T22:45:41","date_gmt":"2019-10-17T01:45:41","guid":{"rendered":"http:\/\/www.caririemacao.com\/1\/?p=127141"},"modified":"2019-10-16T22:45:41","modified_gmt":"2019-10-17T01:45:41","slug":"aulao-de-zumba-agita-outubro-rosa-em-prol-da-prevencao-do-cancer-de-mama-em-caraubas","status":"publish","type":"post","link":"https:\/\/www.caririemacao.com\/1\/2019\/10\/16\/aulao-de-zumba-agita-outubro-rosa-em-prol-da-prevencao-do-cancer-de-mama-em-caraubas\/","title":{"rendered":"Aul\u00e3o de zumba agita \u2018Outubro Rosa\u2019 em prol da preven\u00e7\u00e3o do c\u00e2ncer de mama em Cara\u00fabas"},"content":{"rendered":"\n<p>Para alertar as mulheres para a a\u00e7\u00e3o preventiva sobre o c\u00e2ncer de mama, a campanha \u201cOutubro Rosa\u201d ganhou uma a\u00e7\u00e3o descontra\u00edda na cidade de Cara\u00fabas, com a realiza\u00e7\u00e3o de um aul\u00e3o de Zumba. <\/p>\n\n\n\n<figure class=\"wp-block-image\"><img fetchpriority=\"high\" decoding=\"async\" width=\"1024\" height=\"682\" src=\"http:\/\/www.caririemacao.com\/1\/wp-content\/uploads\/2019\/10\/DSC_0074-1024x682.jpg\" alt=\"\" class=\"wp-image-127143\" srcset=\"https:\/\/www.caririemacao.com\/1\/wp-content\/uploads\/2019\/10\/DSC_0074-1024x682.jpg 1024w, https:\/\/www.caririemacao.com\/1\/wp-content\/uploads\/2019\/10\/DSC_0074-300x200.jpg 300w, https:\/\/www.caririemacao.com\/1\/wp-content\/uploads\/2019\/10\/DSC_0074-768x512.jpg 768w, https:\/\/www.caririemacao.com\/1\/wp-content\/uploads\/2019\/10\/DSC_0074.jpg 1280w\" sizes=\"(max-width: 1024px) 100vw, 1024px\" \/><\/figure>\n\n\n\n<p>Com o tema &#8216;Zumba da preven\u00e7\u00e3o&#8217;, o aul\u00e3o foi realizado em pra\u00e7a p\u00fablica pelas secretarias de sa\u00fade e assist\u00eancia social e fez parte da programa\u00e7\u00e3o da Campanha Outubro Rosa.<\/p>\n\n\n\n<figure class=\"wp-block-image\"><img decoding=\"async\" width=\"1024\" height=\"682\" data-src=\"http:\/\/www.caririemacao.com\/1\/wp-content\/uploads\/2019\/10\/DSC_0059-1024x682.jpg\" alt=\"\" class=\"wp-image-127146 lazyload\" data-srcset=\"https:\/\/www.caririemacao.com\/1\/wp-content\/uploads\/2019\/10\/DSC_0059-1024x682.jpg 1024w, https:\/\/www.caririemacao.com\/1\/wp-content\/uploads\/2019\/10\/DSC_0059-300x200.jpg 300w, https:\/\/www.caririemacao.com\/1\/wp-content\/uploads\/2019\/10\/DSC_0059-768x512.jpg 768w, https:\/\/www.caririemacao.com\/1\/wp-content\/uploads\/2019\/10\/DSC_0059.jpg 1280w\" data-sizes=\"(max-width: 1024px) 100vw, 1024px\" src=\"data:image\/svg+xml;base64,PHN2ZyB3aWR0aD0iMSIgaGVpZ2h0PSIxIiB4bWxucz0iaHR0cDovL3d3dy53My5vcmcvMjAwMC9zdmciPjwvc3ZnPg==\" style=\"--smush-placeholder-width: 1024px; --smush-placeholder-aspect-ratio: 1024\/682;\" \/><\/figure>\n\n\n\n<p>O projeto teve como objetivo reunir todas as mulheres caraubenses e a popula\u00e7\u00e3o para dar visibilidade \u00e0 campanha de orienta\u00e7\u00e3o e preven\u00e7\u00e3o \u00e0 doen\u00e7a, em contrapartida, centenas de calorias a menos.<\/p>\n\n\n\n<figure class=\"wp-block-image\"><img decoding=\"async\" width=\"1024\" height=\"682\" data-src=\"http:\/\/www.caririemacao.com\/1\/wp-content\/uploads\/2019\/10\/DSC_0099-1024x682.jpg\" alt=\"\" class=\"wp-image-127147 lazyload\" data-srcset=\"https:\/\/www.caririemacao.com\/1\/wp-content\/uploads\/2019\/10\/DSC_0099-1024x682.jpg 1024w, https:\/\/www.caririemacao.com\/1\/wp-content\/uploads\/2019\/10\/DSC_0099-300x200.jpg 300w, https:\/\/www.caririemacao.com\/1\/wp-content\/uploads\/2019\/10\/DSC_0099-768x512.jpg 768w, https:\/\/www.caririemacao.com\/1\/wp-content\/uploads\/2019\/10\/DSC_0099.jpg 1280w\" data-sizes=\"(max-width: 1024px) 100vw, 1024px\" src=\"data:image\/svg+xml;base64,PHN2ZyB3aWR0aD0iMSIgaGVpZ2h0PSIxIiB4bWxucz0iaHR0cDovL3d3dy53My5vcmcvMjAwMC9zdmciPjwvc3ZnPg==\" style=\"--smush-placeholder-width: 1024px; --smush-placeholder-aspect-ratio: 1024\/682;\" \/><\/figure>\n\n\n\n<p><a href=\"https:\/\/www.facebook.com\/pg\/CaririEmAcao\/photos\/?tab=album&amp;album_id=1680251172110899\">CLIQUE E VEJA TODAS AS FOTOS. <\/a><\/p>\n","protected":false},"excerpt":{"rendered":"<p>Para alertar as mulheres para a a\u00e7\u00e3o preventiva sobre o c\u00e2ncer de mama, a campanha \u201cOutubro Rosa\u201d ganhou uma a\u00e7\u00e3o descontra\u00edda na cidade de Cara\u00fabas,&hellip; <\/p>\n","protected":false},"author":2,"featured_media":127142,"comment_status":"closed","ping_status":"closed","sticky":false,"template":"","format":"standard","meta":{"sfsi_plus_gutenberg_text_before_share":"","sfsi_plus_gutenberg_show_text_before_share":"","sfsi_plus_gutenberg_icon_type":"","sfsi_plus_gutenberg_icon_alignemt":"","sfsi_plus_gutenburg_max_per_row":"","footnotes":""},"categories":[6,50],"tags":[],"class_list":["post-127141","post","type-post","status-publish","format-standard","has-post-thumbnail","hentry","category-cidades","category-destaque"],"_links":{"self":[{"href":"https:\/\/www.caririemacao.com\/1\/wp-json\/wp\/v2\/posts\/127141","targetHints":{"allow":["GET"]}}],"collection":[{"href":"https:\/\/www.caririemacao.com\/1\/wp-json\/wp\/v2\/posts"}],"about":[{"href":"https:\/\/www.caririemacao.com\/1\/wp-json\/wp\/v2\/types\/post"}],"author":[{"embeddable":true,"href":"https:\/\/www.caririemacao.com\/1\/wp-json\/wp\/v2\/users\/2"}],"replies":[{"embeddable":true,"href":"https:\/\/www.caririemacao.com\/1\/wp-json\/wp\/v2\/comments?post=127141"}],"version-history":[{"count":1,"href":"https:\/\/www.caririemacao.com\/1\/wp-json\/wp\/v2\/posts\/127141\/revisions"}],"predecessor-version":[{"id":127148,"href":"https:\/\/www.caririemacao.com\/1\/wp-json\/wp\/v2\/posts\/127141\/revisions\/127148"}],"wp:featuredmedia":[{"embeddable":true,"href":"https:\/\/www.caririemacao.com\/1\/wp-json\/wp\/v2\/media\/127142"}],"wp:attachment":[{"href":"https:\/\/www.caririemacao.com\/1\/wp-json\/wp\/v2\/media?parent=127141"}],"wp:term":[{"taxonomy":"category","embeddable":true,"href":"https:\/\/www.caririemacao.com\/1\/wp-json\/wp\/v2\/categories?post=127141"},{"taxonomy":"post_tag","embeddable":true,"href":"https:\/\/www.caririemacao.com\/1\/wp-json\/wp\/v2\/tags?post=127141"}],"curies":[{"name":"wp","href":"https:\/\/api.w.org\/{rel}","templated":true}]}}