{"id":127176,"date":"2019-10-17T08:15:57","date_gmt":"2019-10-17T11:15:57","guid":{"rendered":"http:\/\/www.caririemacao.com\/1\/?p=127176"},"modified":"2019-10-17T08:15:57","modified_gmt":"2019-10-17T11:15:57","slug":"ministerio-da-saude-libera-quase-r-4-milhoes-para-municipios-da-pb-ampliarem-vacinacao-de-sarampo","status":"publish","type":"post","link":"https:\/\/www.caririemacao.com\/1\/2019\/10\/17\/ministerio-da-saude-libera-quase-r-4-milhoes-para-municipios-da-pb-ampliarem-vacinacao-de-sarampo\/","title":{"rendered":"Minist\u00e9rio da Sa\u00fade libera quase R$ 4 milh\u00f5es para munic\u00edpios da PB ampliarem vacina\u00e7\u00e3o de sarampo"},"content":{"rendered":"\n<p>O Minist\u00e9rio da Sa\u00fade publicou nesta quarta-feira (16), no Di\u00e1rio Oficial da Uni\u00e3o (DOU), a portaria 2.722, que libera R$ 4 milh\u00f5es para que 223 munic\u00edpios&nbsp;ampliem as a\u00e7\u00f5es de vacina\u00e7\u00e3o de Sarampo. A informa\u00e7\u00e3o foi confirmada ao ClickPB pela secretaria de Sa\u00fade do Estado. As maiores quantidades de recursos ser\u00e3o destinadas para Jo\u00e3o Pessoa, que receber\u00e1 R$ 800 mil e Campina Grande R$ 400 mil. A defini\u00e7\u00e3o do incentivo financeiro destinado a cada munic\u00edpio foi calculada considerando o quantitativo populacional de cada regi\u00e3o, utilizado tamb\u00e9m no repasse do Piso de Aten\u00e7\u00e3o B\u00e1sica Fixo (PAB Fixo), de acordo com a estimativa do IBGE.&nbsp;<\/p>\n\n\n\n<p>Em todo o pa\u00eds ser\u00e3o destinados R$ 206 milh\u00f5es para que estados e munic\u00edpios possam refor\u00e7ar a\u00e7\u00f5es e medidas locais, no \u00e2mbito da Aten\u00e7\u00e3o Prim\u00e1ria e da Vigil\u00e2ncia \u00e0 Sa\u00fade.&nbsp;<\/p>\n\n\n\n<p>Nos \u00faltimos meses, a Para\u00edba j\u00e1 registra 11 casos confirmados de Sarampo. Em todo o pa\u00eds, o estado fica em oitavo lugar no ranking. Na frentes est\u00e3o: S\u00e3o Paulo (5.950), seguido do Paran\u00e1 (59), Rio de Janeiro (43), Pernambuco (34), Minas Gerais (30), Santa Catarina (16), Rio Grande do Sul (12).<\/p>\n\n\n\n<p>Outros estados que tamb\u00e9m confirmaram casos de Sarampo foram: Bahia (8), Cear\u00e1 (5), Maranh\u00e3o (4), Rio Grande do Norte (4), Goi\u00e1s (4), Distrito Federal (3), Piau\u00ed (3), Mato Grosso do Sul (2), Esp\u00edrito Santo (2) Alagoas (1), Distrito Federal (3) e Sergipe (1).<\/p>\n\n\n\n<p>O objetivo do investimento \u00e9 ampliar a cobertura vacinal, o controle de surtos e a interrup\u00e7\u00e3o da transmiss\u00e3o do sarampo, e outras doen\u00e7as poss\u00edveis de imuniza\u00e7\u00e3o, em todo o pa\u00eds. Para serem beneficiados com o refor\u00e7o financeiro, os munic\u00edpios precisam cumprir duas metas: alcan\u00e7ar 95% de cobertura vacinal, da primeira dose da tr\u00edplice viral, que previne sarampo, rub\u00e9ola e caxumba, em crian\u00e7as de 12 meses de idade; e informar o estoque das vacinas de poliomielite, tr\u00edplice e pentavalente \u00e0s Secretarias de Sa\u00fade dos Estados e ao Minist\u00e9rio da Sa\u00fade.<br><\/p>\n\n\n\n<p>De acordo com os \u00faltimos dados do boletim epidemiol\u00f3gico de sarampo, do Minist\u00e9rio da Sa\u00fade, este ano, foram confirmados 13 \u00f3bitos pela doen\u00e7a no Brasil, sendo sete \u00f3bitos (53,8%) em menores de cinco anos de idade, dois (15,4%) na faixa et\u00e1ria de 20 a 39 anos e quatro (30,8%) em adultos maiores de 40 anos. As crian\u00e7as menores de um ano apresentam incid\u00eancia de 106,1\/100.000 habitantes, n\u00famero 12 vezes superior ao registrado na popula\u00e7\u00e3o geral (8,5\/100.000), seguido pelas crian\u00e7as de 1 a 4 anos (23,8\/100.00), o que confirma essas faixas et\u00e1rias como as mais suscet\u00edveis a complica\u00e7\u00f5es e \u00f3bitos por sarampo.<\/p>\n\n\n\n<p><strong>METAS MUNICIPAIS&nbsp;&nbsp;&nbsp;<\/strong><br><\/p>\n\n\n\n<p>Os gestores que alcan\u00e7arem cobertura vacinal contra o sarampo de 90% a 94,9% para a primeira dose da tr\u00edplice viral, em crian\u00e7as de at\u00e9 12 meses, receber\u00e3o 75% do incentivo federal. J\u00e1 os munic\u00edpios que atingirem cobertura igual ou superior a 95% para a primeira dose, em crian\u00e7as de at\u00e9 12 meses, receber\u00e3o 100% do total do repasse. Metade do refor\u00e7o financeiro (R$ 206 milh\u00f5es), R$103 milh\u00f5es, ser\u00e1 repassado independente das metas, de acordo com o tamanho da popula\u00e7\u00e3o de cada munic\u00edpio.<\/p>\n\n\n\n<p>A veri\ufb01ca\u00e7\u00e3o da cobertura vacinal nos munic\u00edpios, referente ao per\u00edodo da primeira e segunda fase da Campanha Nacional de Vacina\u00e7\u00e3o contra o Sarampo, ser\u00e1 realizada por meio do relat\u00f3rio do Sistema de Informa\u00e7\u00e3o do Programa Nacional de Imuniza\u00e7\u00e3o (SIPNI), que contempla os registros das doses aplicadas no \u00e2mbito da estrat\u00e9gia e-SUS Aten\u00e7\u00e3o B\u00e1sica (e-SUS AB).<\/p>\n\n\n\n<p>Em rela\u00e7\u00e3o \u00e0 segunda meta, os munic\u00edpios tamb\u00e9m ter\u00e3o que preencher formul\u00e1rio informando o estoque das vacinas poliomielite, tr\u00edplice viral e pentavalente \u00e0s Secretarias de Sa\u00fade dos Estados e ao Minist\u00e9rio da Sa\u00fade. A veri\ufb01ca\u00e7\u00e3o das informa\u00e7\u00f5es sobre o estoque municipal ser\u00e1 feito por meio da base de dados gerada pelo formul\u00e1rio eletr\u00f4nico do Sistema \u00danico de Sa\u00fade (SUS) para dispositivos m\u00f3veis, disponibilizado no endere\u00e7o www.saude.gov.br\/vacinacao.<\/p>\n\n\n\n<p>A apura\u00e7\u00e3o das duas metas ser\u00e1 realizada a partir de 2 de dezembro de 2019, ap\u00f3s o encerramento da segunda fase da Campanha Nacional de Vacina\u00e7\u00e3o contra o Sarampo, em 30 de novembro, sendo o recurso repassado na compet\u00eancia \ufb01nanceira seguinte ao encerramento. A primeira metade do recurso ser\u00e1 repassado nos pr\u00f3ximos 30 dias a todos os munic\u00edpios.<\/p>\n\n\n\n<p>Confira o valor destinado para cada munic\u00edpio paraibanos<\/p>\n\n\n\n<figure class=\"wp-block-image\"><img decoding=\"async\" data-src=\"https:\/\/www.clickpb.com.br\/media\/filer_public\/db\/39\/db39552a-8915-42e8-a6fb-6e0b55424ec9\/cidades.png\" alt=\"\" src=\"data:image\/svg+xml;base64,PHN2ZyB3aWR0aD0iMSIgaGVpZ2h0PSIxIiB4bWxucz0iaHR0cDovL3d3dy53My5vcmcvMjAwMC9zdmciPjwvc3ZnPg==\" class=\"lazyload\" \/><\/figure>\n\n\n\n<figure class=\"wp-block-image\"><img decoding=\"async\" data-src=\"https:\/\/www.clickpb.com.br\/media\/filer_public\/7e\/ea\/7eeae831-98fc-42c7-9488-e98a4b3fcfec\/screenshot_2.png\" alt=\"\" src=\"data:image\/svg+xml;base64,PHN2ZyB3aWR0aD0iMSIgaGVpZ2h0PSIxIiB4bWxucz0iaHR0cDovL3d3dy53My5vcmcvMjAwMC9zdmciPjwvc3ZnPg==\" class=\"lazyload\" \/><\/figure>\n\n\n\n<figure class=\"wp-block-image\"><img decoding=\"async\" data-src=\"https:\/\/www.clickpb.com.br\/media\/filer_public\/05\/2a\/052acf91-4d20-40de-aeb7-bfa5eb898fb0\/screenshot_3.png\" alt=\"\" src=\"data:image\/svg+xml;base64,PHN2ZyB3aWR0aD0iMSIgaGVpZ2h0PSIxIiB4bWxucz0iaHR0cDovL3d3dy53My5vcmcvMjAwMC9zdmciPjwvc3ZnPg==\" class=\"lazyload\" \/><\/figure>\n\n\n\n<figure class=\"wp-block-image\"><img decoding=\"async\" data-src=\"https:\/\/www.clickpb.com.br\/media\/filer_public\/d7\/66\/d766940f-304a-4adf-b518-bc6203837db8\/screenshot_5.png\" alt=\"\" src=\"data:image\/svg+xml;base64,PHN2ZyB3aWR0aD0iMSIgaGVpZ2h0PSIxIiB4bWxucz0iaHR0cDovL3d3dy53My5vcmcvMjAwMC9zdmciPjwvc3ZnPg==\" class=\"lazyload\" \/><\/figure>\n\n\n\n<figure class=\"wp-block-image\"><img decoding=\"async\" data-src=\"https:\/\/www.clickpb.com.br\/media\/filer_public\/93\/c0\/93c0d858-d4f3-41fe-ad0a-685eb7558d67\/screenshot_65.png\" alt=\"\" src=\"data:image\/svg+xml;base64,PHN2ZyB3aWR0aD0iMSIgaGVpZ2h0PSIxIiB4bWxucz0iaHR0cDovL3d3dy53My5vcmcvMjAwMC9zdmciPjwvc3ZnPg==\" class=\"lazyload\" \/><\/figure>\n","protected":false},"excerpt":{"rendered":"<p>O Minist\u00e9rio da Sa\u00fade publicou nesta quarta-feira (16), no Di\u00e1rio Oficial da Uni\u00e3o (DOU), a portaria 2.722, que libera R$ 4 milh\u00f5es para que 223&hellip; <\/p>\n","protected":false},"author":1,"featured_media":103918,"comment_status":"closed","ping_status":"closed","sticky":false,"template":"","format":"standard","meta":{"sfsi_plus_gutenberg_text_before_share":"","sfsi_plus_gutenberg_show_text_before_share":"","sfsi_plus_gutenberg_icon_type":"","sfsi_plus_gutenberg_icon_alignemt":"","sfsi_plus_gutenburg_max_per_row":"","footnotes":""},"categories":[6],"tags":[],"class_list":["post-127176","post","type-post","status-publish","format-standard","has-post-thumbnail","hentry","category-cidades"],"_links":{"self":[{"href":"https:\/\/www.caririemacao.com\/1\/wp-json\/wp\/v2\/posts\/127176","targetHints":{"allow":["GET"]}}],"collection":[{"href":"https:\/\/www.caririemacao.com\/1\/wp-json\/wp\/v2\/posts"}],"about":[{"href":"https:\/\/www.caririemacao.com\/1\/wp-json\/wp\/v2\/types\/post"}],"author":[{"embeddable":true,"href":"https:\/\/www.caririemacao.com\/1\/wp-json\/wp\/v2\/users\/1"}],"replies":[{"embeddable":true,"href":"https:\/\/www.caririemacao.com\/1\/wp-json\/wp\/v2\/comments?post=127176"}],"version-history":[{"count":1,"href":"https:\/\/www.caririemacao.com\/1\/wp-json\/wp\/v2\/posts\/127176\/revisions"}],"predecessor-version":[{"id":127177,"href":"https:\/\/www.caririemacao.com\/1\/wp-json\/wp\/v2\/posts\/127176\/revisions\/127177"}],"wp:featuredmedia":[{"embeddable":true,"href":"https:\/\/www.caririemacao.com\/1\/wp-json\/wp\/v2\/media\/103918"}],"wp:attachment":[{"href":"https:\/\/www.caririemacao.com\/1\/wp-json\/wp\/v2\/media?parent=127176"}],"wp:term":[{"taxonomy":"category","embeddable":true,"href":"https:\/\/www.caririemacao.com\/1\/wp-json\/wp\/v2\/categories?post=127176"},{"taxonomy":"post_tag","embeddable":true,"href":"https:\/\/www.caririemacao.com\/1\/wp-json\/wp\/v2\/tags?post=127176"}],"curies":[{"name":"wp","href":"https:\/\/api.w.org\/{rel}","templated":true}]}}