{"id":127182,"date":"2019-10-17T08:19:45","date_gmt":"2019-10-17T11:19:45","guid":{"rendered":"http:\/\/www.caririemacao.com\/1\/?p=127182"},"modified":"2019-10-17T08:19:45","modified_gmt":"2019-10-17T11:19:45","slug":"manchas-de-oleo-em-praias-sao-caso-de-poluicao-sem-precedente-diz-ministro","status":"publish","type":"post","link":"https:\/\/www.caririemacao.com\/1\/2019\/10\/17\/manchas-de-oleo-em-praias-sao-caso-de-poluicao-sem-precedente-diz-ministro\/","title":{"rendered":"Manchas de \u00f3leo em praias s\u00e3o caso de polui\u00e7\u00e3o sem precedente, diz ministro"},"content":{"rendered":"\n<p>O ministro do Meio Ambiente, Ricardo Salles, afirmou nesta quarta-feira (16) que as manchas de \u00f3leo nas praias do Nordeste s\u00e3o um caso de polui\u00e7\u00e3o \u201csem precedente\u201d no pa\u00eds e de origem ainda desconhecida.<\/p>\n\n\n\n<p>\u201cO problema \u00e9 que \u00e9 um caso sem precedentes, e a origem do \u00f3leo \u00e9 desconhecida. J\u00e1 se sabe que o \u00f3leo n\u00e3o \u00e9 brasileiro, que tem provavelmente origem venezuelana, mas n\u00e3o se sabe como ele vazou para o litoral brasileiro. Isso dificulta, portanto, medidas de conten\u00e7\u00e3o. Aquelas medidas de conten\u00e7\u00e3o que podem ser pertinentes nos casos de determinado acidente, conhecida a origem, n\u00e3o s\u00e3o necessariamente pertinentes num caso de polui\u00e7\u00e3o difusa como estamos vendo aqui\u201d, afirmou o ministro, em Salvador, ap\u00f3s sobrevoo no litoral da Bahia.<\/p>\n\n\n\n<p>Salles reiterou que o governo federal tem tomado todas as medidas necess\u00e1rias \u00e0 identifica\u00e7\u00e3o do \u00f3leo e sua origem, al\u00e9m do recolhimento e destina\u00e7\u00e3o do produto desde o in\u00edcio de setembro.&nbsp;<\/p>\n\n\n\n<p>\u201cCom rela\u00e7\u00e3o ao monitoramento especificamente, n\u00f3s utilizamos sat\u00e9lites, n\u00e3o s\u00f3 brasileiros, mas tamb\u00e9m estrangeiros. Temos utilizado aeronave do Ibama [Instituto Brasileiro do Meio Ambiente e dos Recursos Naturais Renov\u00e1veis], com um sistema de radar. Essa aeronave percorreu e vem percorrendo todo o litoral brasileiro, sem detec\u00e7\u00e3o desse \u00f3leo, que vem por baixo da superf\u00edcie. Ele vem de um sistema subsuperficial, est\u00e1 abaixo do sistema de visualiza\u00e7\u00e3o por radar\u201d, disse o ministro.<\/p>\n\n\n\n<p>Salles acrescentou que, pelas caracter\u00edsticas do material que est\u00e1 se deslocando, n\u00e3o se consegue avist\u00e1-lo por cima. &#8220;Ele s\u00f3 aparece, s\u00f3 se tem not\u00edcia de onde ele est\u00e1, na hora em que ele est\u00e1 bem pr\u00f3ximo \u00e0 praia.\u201d<\/p>\n\n\n\n<p><strong>Res\u00edduos<\/strong><\/p>\n\n\n\n<p>A Petrobras informou que, desde 12 de setembro, j\u00e1 retirou das praias do Nordeste mais de 200 toneladas de res\u00edduos de \u00f3leo. Os res\u00edduos s\u00e3o uma mistura de \u00f3leo e areia e foram recolhidos por cerca de 1,7 mil agentes ambientais.<\/p>\n\n\n\n<p>O Ibama tamb\u00e9m participa desse trabalho, e os custos das atividades de limpeza ser\u00e3o ressarcidos. O instituto \u00e9 o respons\u00e1vel pelas decis\u00f5es na opera\u00e7\u00e3o, enquanto a estatal d\u00e1 apoio t\u00e9cnico e implementa as estrat\u00e9gias.<\/p>\n","protected":false},"excerpt":{"rendered":"<p>O ministro do Meio Ambiente, Ricardo Salles, afirmou nesta quarta-feira (16) que as manchas de \u00f3leo nas praias do Nordeste s\u00e3o um caso de polui\u00e7\u00e3o&hellip; <\/p>\n","protected":false},"author":1,"featured_media":126059,"comment_status":"closed","ping_status":"closed","sticky":false,"template":"","format":"standard","meta":{"sfsi_plus_gutenberg_text_before_share":"","sfsi_plus_gutenberg_show_text_before_share":"","sfsi_plus_gutenberg_icon_type":"","sfsi_plus_gutenberg_icon_alignemt":"","sfsi_plus_gutenburg_max_per_row":"","footnotes":""},"categories":[11],"tags":[],"class_list":["post-127182","post","type-post","status-publish","format-standard","has-post-thumbnail","hentry","category-politica"],"_links":{"self":[{"href":"https:\/\/www.caririemacao.com\/1\/wp-json\/wp\/v2\/posts\/127182","targetHints":{"allow":["GET"]}}],"collection":[{"href":"https:\/\/www.caririemacao.com\/1\/wp-json\/wp\/v2\/posts"}],"about":[{"href":"https:\/\/www.caririemacao.com\/1\/wp-json\/wp\/v2\/types\/post"}],"author":[{"embeddable":true,"href":"https:\/\/www.caririemacao.com\/1\/wp-json\/wp\/v2\/users\/1"}],"replies":[{"embeddable":true,"href":"https:\/\/www.caririemacao.com\/1\/wp-json\/wp\/v2\/comments?post=127182"}],"version-history":[{"count":1,"href":"https:\/\/www.caririemacao.com\/1\/wp-json\/wp\/v2\/posts\/127182\/revisions"}],"predecessor-version":[{"id":127183,"href":"https:\/\/www.caririemacao.com\/1\/wp-json\/wp\/v2\/posts\/127182\/revisions\/127183"}],"wp:featuredmedia":[{"embeddable":true,"href":"https:\/\/www.caririemacao.com\/1\/wp-json\/wp\/v2\/media\/126059"}],"wp:attachment":[{"href":"https:\/\/www.caririemacao.com\/1\/wp-json\/wp\/v2\/media?parent=127182"}],"wp:term":[{"taxonomy":"category","embeddable":true,"href":"https:\/\/www.caririemacao.com\/1\/wp-json\/wp\/v2\/categories?post=127182"},{"taxonomy":"post_tag","embeddable":true,"href":"https:\/\/www.caririemacao.com\/1\/wp-json\/wp\/v2\/tags?post=127182"}],"curies":[{"name":"wp","href":"https:\/\/api.w.org\/{rel}","templated":true}]}}