{"id":127189,"date":"2019-10-17T08:21:43","date_gmt":"2019-10-17T11:21:43","guid":{"rendered":"http:\/\/www.caririemacao.com\/1\/?p=127189"},"modified":"2019-10-17T08:21:43","modified_gmt":"2019-10-17T11:21:43","slug":"valor-do-abono-natalino-do-bolsa-familia-sobe-para-r-64-apos-alpb-aprovar-reajuste","status":"publish","type":"post","link":"https:\/\/www.caririemacao.com\/1\/2019\/10\/17\/valor-do-abono-natalino-do-bolsa-familia-sobe-para-r-64-apos-alpb-aprovar-reajuste\/","title":{"rendered":"Valor do Abono Natalino do Bolsa Fam\u00edlia sobe para R$ 64 ap\u00f3s ALPB aprovar reajuste"},"content":{"rendered":"\n<p> O Abono Natalino para os benefici\u00e1rios do Bolsa Fam\u00edlia subiu para R$ 64 ap\u00f3s a Assembleia Legislativa da Para\u00edba (ALPB) aprovar por unanimidade o reajuste. O Projeto de Lei (PL) que aumenta o valor \u00e9 de autoria do Governo do Estado e foi aprovado na sess\u00e3o desta quarta-feira (16).<\/p>\n\n\n\n<p>O Abono Natalino \u00e9 repassado no m\u00eas de dezembro de cada ano. O poder Executivo ressalta que o programa injeta uma quantidade consider\u00e1vel de recursos na economia local, estimulando o com\u00e9rcio e as atividades da agricultura familiar.<\/p>\n","protected":false},"excerpt":{"rendered":"<p>O Abono Natalino para os benefici\u00e1rios do Bolsa Fam\u00edlia subiu para R$ 64 ap\u00f3s a Assembleia Legislativa da Para\u00edba (ALPB) aprovar por unanimidade o reajuste.&hellip; <\/p>\n","protected":false},"author":1,"featured_media":106099,"comment_status":"closed","ping_status":"closed","sticky":false,"template":"","format":"standard","meta":{"sfsi_plus_gutenberg_text_before_share":"","sfsi_plus_gutenberg_show_text_before_share":"","sfsi_plus_gutenberg_icon_type":"","sfsi_plus_gutenberg_icon_alignemt":"","sfsi_plus_gutenburg_max_per_row":"","footnotes":""},"categories":[50,2],"tags":[],"class_list":["post-127189","post","type-post","status-publish","format-standard","has-post-thumbnail","hentry","category-destaque","category-geral"],"_links":{"self":[{"href":"https:\/\/www.caririemacao.com\/1\/wp-json\/wp\/v2\/posts\/127189","targetHints":{"allow":["GET"]}}],"collection":[{"href":"https:\/\/www.caririemacao.com\/1\/wp-json\/wp\/v2\/posts"}],"about":[{"href":"https:\/\/www.caririemacao.com\/1\/wp-json\/wp\/v2\/types\/post"}],"author":[{"embeddable":true,"href":"https:\/\/www.caririemacao.com\/1\/wp-json\/wp\/v2\/users\/1"}],"replies":[{"embeddable":true,"href":"https:\/\/www.caririemacao.com\/1\/wp-json\/wp\/v2\/comments?post=127189"}],"version-history":[{"count":1,"href":"https:\/\/www.caririemacao.com\/1\/wp-json\/wp\/v2\/posts\/127189\/revisions"}],"predecessor-version":[{"id":127190,"href":"https:\/\/www.caririemacao.com\/1\/wp-json\/wp\/v2\/posts\/127189\/revisions\/127190"}],"wp:featuredmedia":[{"embeddable":true,"href":"https:\/\/www.caririemacao.com\/1\/wp-json\/wp\/v2\/media\/106099"}],"wp:attachment":[{"href":"https:\/\/www.caririemacao.com\/1\/wp-json\/wp\/v2\/media?parent=127189"}],"wp:term":[{"taxonomy":"category","embeddable":true,"href":"https:\/\/www.caririemacao.com\/1\/wp-json\/wp\/v2\/categories?post=127189"},{"taxonomy":"post_tag","embeddable":true,"href":"https:\/\/www.caririemacao.com\/1\/wp-json\/wp\/v2\/tags?post=127189"}],"curies":[{"name":"wp","href":"https:\/\/api.w.org\/{rel}","templated":true}]}}