{"id":127206,"date":"2019-10-17T08:30:19","date_gmt":"2019-10-17T11:30:19","guid":{"rendered":"http:\/\/www.caririemacao.com\/1\/?p=127206"},"modified":"2019-10-17T08:30:19","modified_gmt":"2019-10-17T11:30:19","slug":"previsao-do-tempo-para-esta-quinta-feira-em-toda-paraiba-24","status":"publish","type":"post","link":"https:\/\/www.caririemacao.com\/1\/2019\/10\/17\/previsao-do-tempo-para-esta-quinta-feira-em-toda-paraiba-24\/","title":{"rendered":"Previs\u00e3o do tempo para esta quinta-feira em toda Para\u00edba"},"content":{"rendered":"\n<p> Permanece a condi\u00e7\u00e3o de reduzida nebulosidade em praticamente todo estado da Para\u00edba, favorecendo ao registro de altas temperaturas e baixos \u00edndices de umidade relativa do ar no per\u00edodo da tarde, especialmente nas regi\u00f5es do Cariri\/Curimata\u00fa, Sert\u00e3o e Alto Sert\u00e3o.<\/p>\n\n\n\n<div class=\"wp-block-image\"><figure class=\"aligncenter\"><img decoding=\"async\" data-src=\"https:\/\/paraibaonline.com.br\/wp-content\/uploads\/2019\/10\/tempo1710.jpg\" alt=\"\" class=\"wp-image-813216 lazyload\" src=\"data:image\/svg+xml;base64,PHN2ZyB3aWR0aD0iMSIgaGVpZ2h0PSIxIiB4bWxucz0iaHR0cDovL3d3dy53My5vcmcvMjAwMC9zdmciPjwvc3ZnPg==\" \/><\/figure><\/div>\n\n\n\n<p>*Fonte: Aesa<\/p>\n","protected":false},"excerpt":{"rendered":"<p>Permanece a condi\u00e7\u00e3o de reduzida nebulosidade em praticamente todo estado da Para\u00edba, favorecendo ao registro de altas temperaturas e baixos \u00edndices de umidade relativa do&hellip; <\/p>\n","protected":false},"author":1,"featured_media":62056,"comment_status":"closed","ping_status":"closed","sticky":false,"template":"","format":"standard","meta":{"sfsi_plus_gutenberg_text_before_share":"","sfsi_plus_gutenberg_show_text_before_share":"","sfsi_plus_gutenberg_icon_type":"","sfsi_plus_gutenberg_icon_alignemt":"","sfsi_plus_gutenburg_max_per_row":"","footnotes":""},"categories":[6],"tags":[],"class_list":["post-127206","post","type-post","status-publish","format-standard","has-post-thumbnail","hentry","category-cidades"],"_links":{"self":[{"href":"https:\/\/www.caririemacao.com\/1\/wp-json\/wp\/v2\/posts\/127206","targetHints":{"allow":["GET"]}}],"collection":[{"href":"https:\/\/www.caririemacao.com\/1\/wp-json\/wp\/v2\/posts"}],"about":[{"href":"https:\/\/www.caririemacao.com\/1\/wp-json\/wp\/v2\/types\/post"}],"author":[{"embeddable":true,"href":"https:\/\/www.caririemacao.com\/1\/wp-json\/wp\/v2\/users\/1"}],"replies":[{"embeddable":true,"href":"https:\/\/www.caririemacao.com\/1\/wp-json\/wp\/v2\/comments?post=127206"}],"version-history":[{"count":1,"href":"https:\/\/www.caririemacao.com\/1\/wp-json\/wp\/v2\/posts\/127206\/revisions"}],"predecessor-version":[{"id":127207,"href":"https:\/\/www.caririemacao.com\/1\/wp-json\/wp\/v2\/posts\/127206\/revisions\/127207"}],"wp:featuredmedia":[{"embeddable":true,"href":"https:\/\/www.caririemacao.com\/1\/wp-json\/wp\/v2\/media\/62056"}],"wp:attachment":[{"href":"https:\/\/www.caririemacao.com\/1\/wp-json\/wp\/v2\/media?parent=127206"}],"wp:term":[{"taxonomy":"category","embeddable":true,"href":"https:\/\/www.caririemacao.com\/1\/wp-json\/wp\/v2\/categories?post=127206"},{"taxonomy":"post_tag","embeddable":true,"href":"https:\/\/www.caririemacao.com\/1\/wp-json\/wp\/v2\/tags?post=127206"}],"curies":[{"name":"wp","href":"https:\/\/api.w.org\/{rel}","templated":true}]}}