{"id":127213,"date":"2019-10-17T08:33:28","date_gmt":"2019-10-17T11:33:28","guid":{"rendered":"http:\/\/www.caririemacao.com\/1\/?p=127213"},"modified":"2019-10-17T08:33:28","modified_gmt":"2019-10-17T11:33:28","slug":"forca-nacional-atuara-por-mais-180-dias-no-combate-ao-desmatamento","status":"publish","type":"post","link":"https:\/\/www.caririemacao.com\/1\/2019\/10\/17\/forca-nacional-atuara-por-mais-180-dias-no-combate-ao-desmatamento\/","title":{"rendered":"For\u00e7a Nacional atuar\u00e1 por mais 180 dias no combate ao desmatamento"},"content":{"rendered":"\n<p>A For\u00e7a Nacional de Seguran\u00e7a P\u00fablica vai permanecer por mais 180 dias, no per\u00edodo de 20 de outubro at\u00e9 16 de abril de 2020, em apoio \u00e0s a\u00e7\u00f5es de fiscaliza\u00e7\u00e3o do Instituto Chico Mendes de Conserva\u00e7\u00e3o da Biodiversidade ICMBio, conforme portaria do Minist\u00e9rio da Justi\u00e7a e Seguran\u00e7a P\u00fablica, publicada no&nbsp;<a href=\"http:\/\/www.in.gov.br\/web\/dou\/-\/portaria-n-776-de-16-de-outubro-de-2019-222374341\" target=\"_blank\" rel=\"noreferrer noopener\"><em>Di\u00e1rio Oficial da Uni\u00e3o<\/em><\/a>&nbsp;desta quinta-feira (17).<\/p>\n\n\n\n<p>De acordo com o documento, os militares v\u00e3o atuar nas unidades de conserva\u00e7\u00e3o federais, com \u00eanfase no combate ao desmatamento na regi\u00e3o amaz\u00f4nica. As a\u00e7\u00f5es de fiscaliza\u00e7\u00e3o ser\u00e3o em car\u00e1ter epis\u00f3dico e planejado. A quantidade de militares ser disponibilizados obedecer\u00e1 ao planejamento definido pelo minist\u00e9rio.<\/p>\n\n\n\n<figure class=\"wp-block-image\"><img decoding=\"async\" data-src=\"http:\/\/imagens.ebc.com.br\/0Q5NxICl_CXntQjwofxMb1TGKj4=\/754x0\/smart\/http:\/\/agenciabrasil.ebc.com.br\/sites\/default\/files\/thumbnails\/image\/31661418977_9026cbce37_o.jpg?itok=zl_2hRXr\" alt=\"Embarque na Base A\u00e9rea de Bras\u00edlia da For\u00e7a Nacional de Seguran\u00e7a P\u00fablica para Fortaleza.\" src=\"data:image\/svg+xml;base64,PHN2ZyB3aWR0aD0iMSIgaGVpZ2h0PSIxIiB4bWxucz0iaHR0cDovL3d3dy53My5vcmcvMjAwMC9zdmciPjwvc3ZnPg==\" class=\"lazyload\" \/><\/figure>\n\n\n\n<p>A For\u00e7a Nacional vai atuar no apoio \u00e0s a\u00e7\u00f5es de fiscaliza\u00e7\u00e3o do ICMBio &#8211;&nbsp;<strong>FNSP\/MJ\/Divulga\u00e7\u00e3o<\/strong><\/p>\n\n\n\n<p>A portaria diz ainda que o prazo do apoio prestado pela For\u00e7a Nacional poder\u00e1 ser prorrogado, caso seja necess\u00e1rio, cabendo ao ICMBio o apoio log\u00edstico e disponibilizar a estrutura necess\u00e1ria aos militares.<\/p>\n\n\n\n<h2 class=\"wp-block-heading\">Roraima<\/h2>\n\n\n\n<p>A For\u00e7a Nacional ficar\u00e1 tamb\u00e9m por mais 120 dias, a contar de 21 de outubro at\u00e9 17 de fevereiro de 2020, na cidade de Boa Vista, capital de Roraima, em apoio aos \u00f3rg\u00e3os de seguran\u00e7a p\u00fablica do estado.<\/p>\n\n\n\n<p>Os militares v\u00e3o atuar nas atividades de preserva\u00e7\u00e3o da ordem e de prote\u00e7\u00e3o \u00e0 popula\u00e7\u00e3o e do patrim\u00f4nio. As a\u00e7\u00f5es ser\u00e3o em car\u00e1ter epis\u00f3dico e planejado.<\/p>\n","protected":false},"excerpt":{"rendered":"<p>A For\u00e7a Nacional de Seguran\u00e7a P\u00fablica vai permanecer por mais 180 dias, no per\u00edodo de 20 de outubro at\u00e9 16 de abril de 2020, em&hellip; <\/p>\n","protected":false},"author":1,"featured_media":43012,"comment_status":"closed","ping_status":"closed","sticky":false,"template":"","format":"standard","meta":{"sfsi_plus_gutenberg_text_before_share":"","sfsi_plus_gutenberg_show_text_before_share":"","sfsi_plus_gutenberg_icon_type":"","sfsi_plus_gutenberg_icon_alignemt":"","sfsi_plus_gutenburg_max_per_row":"","footnotes":""},"categories":[2],"tags":[],"class_list":["post-127213","post","type-post","status-publish","format-standard","has-post-thumbnail","hentry","category-geral"],"_links":{"self":[{"href":"https:\/\/www.caririemacao.com\/1\/wp-json\/wp\/v2\/posts\/127213","targetHints":{"allow":["GET"]}}],"collection":[{"href":"https:\/\/www.caririemacao.com\/1\/wp-json\/wp\/v2\/posts"}],"about":[{"href":"https:\/\/www.caririemacao.com\/1\/wp-json\/wp\/v2\/types\/post"}],"author":[{"embeddable":true,"href":"https:\/\/www.caririemacao.com\/1\/wp-json\/wp\/v2\/users\/1"}],"replies":[{"embeddable":true,"href":"https:\/\/www.caririemacao.com\/1\/wp-json\/wp\/v2\/comments?post=127213"}],"version-history":[{"count":1,"href":"https:\/\/www.caririemacao.com\/1\/wp-json\/wp\/v2\/posts\/127213\/revisions"}],"predecessor-version":[{"id":127214,"href":"https:\/\/www.caririemacao.com\/1\/wp-json\/wp\/v2\/posts\/127213\/revisions\/127214"}],"wp:featuredmedia":[{"embeddable":true,"href":"https:\/\/www.caririemacao.com\/1\/wp-json\/wp\/v2\/media\/43012"}],"wp:attachment":[{"href":"https:\/\/www.caririemacao.com\/1\/wp-json\/wp\/v2\/media?parent=127213"}],"wp:term":[{"taxonomy":"category","embeddable":true,"href":"https:\/\/www.caririemacao.com\/1\/wp-json\/wp\/v2\/categories?post=127213"},{"taxonomy":"post_tag","embeddable":true,"href":"https:\/\/www.caririemacao.com\/1\/wp-json\/wp\/v2\/tags?post=127213"}],"curies":[{"name":"wp","href":"https:\/\/api.w.org\/{rel}","templated":true}]}}