{"id":127222,"date":"2019-10-17T08:35:30","date_gmt":"2019-10-17T11:35:30","guid":{"rendered":"http:\/\/www.caririemacao.com\/1\/?p=127222"},"modified":"2019-10-17T08:35:30","modified_gmt":"2019-10-17T11:35:30","slug":"comissao-da-camara-aprova-r-600-milhoes-para-a-capes-em-2020","status":"publish","type":"post","link":"https:\/\/www.caririemacao.com\/1\/2019\/10\/17\/comissao-da-camara-aprova-r-600-milhoes-para-a-capes-em-2020\/","title":{"rendered":"Comiss\u00e3o da C\u00e2mara aprova R$ 600 milh\u00f5es para a Capes em 2020"},"content":{"rendered":"\n<p>A Comiss\u00e3o de Educa\u00e7\u00e3o da C\u00e2mara dos Deputados aprovou, na quarta-feira (16) um acr\u00e9scimo de R$ 600 milh\u00f5es para o or\u00e7amento da Coordena\u00e7\u00e3o de Aperfei\u00e7oamento de Pessoal de N\u00edvel Superior (Capes) em 2020. Segundo informa\u00e7\u00f5es do Minist\u00e9rio da Educa\u00e7\u00e3o, o valor garante mais 135 mil vagas para os programas de forma\u00e7\u00e3o de professores e a cria\u00e7\u00e3o de 6 mil bolsas de p\u00f3s-gradua\u00e7\u00e3o e pesquisa.<\/p>\n\n\n\n<p>Duas emendas foram aprovadas. Segundo a Capes, uma de R$ 300 milh\u00f5es, proposta pelo MEC, viabiliza a manuten\u00e7\u00e3o de todos os editais dos Programas de Mestrado Profissional para Qualifica\u00e7\u00e3o de Professores da Rede P\u00fablica de Educa\u00e7\u00e3o B\u00e1sica (ProEB), do Programa Institucional de Bolsa de Inicia\u00e7\u00e3o \u00e0 Doc\u00eancia (PIBID), Resid\u00eancia Pedag\u00f3gica e Programa Nacional de Forma\u00e7\u00e3o de Professores da Educa\u00e7\u00e3o B\u00e1sica (Parfor), al\u00e9m de permitir a cria\u00e7\u00e3o de novos programas.<\/p>\n\n\n\n<figure class=\"wp-block-image\"><img decoding=\"async\" data-src=\"http:\/\/imagens.ebc.com.br\/lKwBHw2XVNsyY4IkxElRkTJLU8M=\/754x0\/smart\/http:\/\/agenciabrasil.ebc.com.br\/sites\/default\/files\/thumbnails\/image\/jfcrz_abr_27091923850.jpg?itok=rtzA68oa\" alt=\"O presidente da Capes, Anderson Correia, durante lan\u00e7amento dos editais do Programa Ci\u00eancia \u00e9 10 (C10)\" src=\"data:image\/svg+xml;base64,PHN2ZyB3aWR0aD0iMSIgaGVpZ2h0PSIxIiB4bWxucz0iaHR0cDovL3d3dy53My5vcmcvMjAwMC9zdmciPjwvc3ZnPg==\" class=\"lazyload\" \/><\/figure>\n\n\n\n<h6 class=\"wp-block-heading\">O presidente da Capes, Anderson Correia,&nbsp;disse que as emendas equilibram o or\u00e7amento da institui\u00e7\u00e3o em 2020 &nbsp;&#8211;&nbsp;<strong>Jos\u00e9 Cruz\/Ag\u00eancia Brasil<\/strong><\/h6>\n\n\n\n<p>A segunda proposta garante R$ 300 milh\u00f5es para novas bolsas de pesquisa de p\u00f3s-gradua\u00e7\u00e3o, sendo 2 mil de mestrado, 3,5 mil de doutorado e 500 de p\u00f3s-doutorado no Brasil e no exterior.<\/p>\n\n\n\n<p>Anderson Correia, presidente da Capes, disse que as emendas equilibram o or\u00e7amento da institui\u00e7\u00e3o em 2020. \u201cEstaremos muito bem no pr\u00f3ximo ano, atendendo a todos os bolsistas, programas e lan\u00e7ando novas iniciativas\u201d, afirmou.<\/p>\n\n\n\n<p>Para o valor ser liberado&nbsp;\u00e9 preciso que as duas emendas seguem sejam aprovadas por deputados e senadores na Comiss\u00e3o Mista de Planos, Or\u00e7amentos P\u00fablicos e Fiscaliza\u00e7\u00e3o (CMO).<\/p>\n\n\n\n<figure><iframe allowfullscreen=\"\" data-src=\"https:\/\/www.youtube.com\/embed\/SxeUq53Sl3Q\" src=\"data:image\/svg+xml;base64,PHN2ZyB3aWR0aD0iMSIgaGVpZ2h0PSIxIiB4bWxucz0iaHR0cDovL3d3dy53My5vcmcvMjAwMC9zdmciPjwvc3ZnPg==\" class=\"lazyload\" data-load-mode=\"1\"><\/iframe><\/figure>\n","protected":false},"excerpt":{"rendered":"<p>A Comiss\u00e3o de Educa\u00e7\u00e3o da C\u00e2mara dos Deputados aprovou, na quarta-feira (16) um acr\u00e9scimo de R$ 600 milh\u00f5es para o or\u00e7amento da Coordena\u00e7\u00e3o de Aperfei\u00e7oamento&hellip; <\/p>\n","protected":false},"author":1,"featured_media":127223,"comment_status":"closed","ping_status":"closed","sticky":false,"template":"","format":"standard","meta":{"sfsi_plus_gutenberg_text_before_share":"","sfsi_plus_gutenberg_show_text_before_share":"","sfsi_plus_gutenberg_icon_type":"","sfsi_plus_gutenberg_icon_alignemt":"","sfsi_plus_gutenburg_max_per_row":"","footnotes":""},"categories":[14],"tags":[],"class_list":["post-127222","post","type-post","status-publish","format-standard","has-post-thumbnail","hentry","category-educacao"],"_links":{"self":[{"href":"https:\/\/www.caririemacao.com\/1\/wp-json\/wp\/v2\/posts\/127222","targetHints":{"allow":["GET"]}}],"collection":[{"href":"https:\/\/www.caririemacao.com\/1\/wp-json\/wp\/v2\/posts"}],"about":[{"href":"https:\/\/www.caririemacao.com\/1\/wp-json\/wp\/v2\/types\/post"}],"author":[{"embeddable":true,"href":"https:\/\/www.caririemacao.com\/1\/wp-json\/wp\/v2\/users\/1"}],"replies":[{"embeddable":true,"href":"https:\/\/www.caririemacao.com\/1\/wp-json\/wp\/v2\/comments?post=127222"}],"version-history":[{"count":1,"href":"https:\/\/www.caririemacao.com\/1\/wp-json\/wp\/v2\/posts\/127222\/revisions"}],"predecessor-version":[{"id":127224,"href":"https:\/\/www.caririemacao.com\/1\/wp-json\/wp\/v2\/posts\/127222\/revisions\/127224"}],"wp:featuredmedia":[{"embeddable":true,"href":"https:\/\/www.caririemacao.com\/1\/wp-json\/wp\/v2\/media\/127223"}],"wp:attachment":[{"href":"https:\/\/www.caririemacao.com\/1\/wp-json\/wp\/v2\/media?parent=127222"}],"wp:term":[{"taxonomy":"category","embeddable":true,"href":"https:\/\/www.caririemacao.com\/1\/wp-json\/wp\/v2\/categories?post=127222"},{"taxonomy":"post_tag","embeddable":true,"href":"https:\/\/www.caririemacao.com\/1\/wp-json\/wp\/v2\/tags?post=127222"}],"curies":[{"name":"wp","href":"https:\/\/api.w.org\/{rel}","templated":true}]}}