{"id":127231,"date":"2019-10-17T08:38:46","date_gmt":"2019-10-17T11:38:46","guid":{"rendered":"http:\/\/www.caririemacao.com\/1\/?p=127231"},"modified":"2019-10-17T08:38:46","modified_gmt":"2019-10-17T11:38:46","slug":"estudantes-participam-hoje-do-primeiro-torneio-meninas-na-matematica","status":"publish","type":"post","link":"https:\/\/www.caririemacao.com\/1\/2019\/10\/17\/estudantes-participam-hoje-do-primeiro-torneio-meninas-na-matematica\/","title":{"rendered":"Estudantes participam hoje do primeiro Torneio Meninas na Matem\u00e1tica"},"content":{"rendered":"\n<p>Todos os dias a estudante Bruna Vieira, 15 anos, estuda um pouco de matem\u00e1tica. Faz exerc\u00edcios recomendados pela escola e outros que busca por conta pr\u00f3pria. \u201cPara mim, a matem\u00e1tica \u00e9 a base da ci\u00eancia. Est\u00e1 em todo lugar. Est\u00e1 na f\u00edsica, na qu\u00edmica, na biologia, na medicina e em muitas outras \u00e1reas\u201d, diz.&nbsp;<\/p>\n\n\n\n<p>Bruna \u00e9 uma das 200 meninas que participam hoje (17) do primeiro Torneio Meninas na Matem\u00e1tica (TM\u00b2). A estudante, do 9\u00ba ano do ensino fundamental, conta que \u00e9 uma das \u00fanicas da sala, entre meninos e meninas que \u00e9 apaixonada por matem\u00e1tica. Quando soube do torneio voltado para meninas, ela prontamente quis participar.&nbsp;<\/p>\n\n\n\n<p>\u201cEu acho muito importante um torneio s\u00f3 para garotas, porque desse jeito elas t\u00eam mais oportunidade. H\u00e1 muita garota que se sente desmotivada porque a gente vive num mundo dos homens. Acho que garotas podem e s\u00e3o t\u00e3o boas quanto os meninos\u201d, afirma.<\/p>\n\n\n\n<p>A competi\u00e7\u00e3o, voltada para as alunas dos ensinos fundamental, a partir do 8\u00ba ano, e m\u00e9dio das escolas p\u00fablicas e privadas de todo o pa\u00eds, foi inspirada no European Girls\u2019 Mathematical Olympiad [Olimp\u00edada Europeia de Matem\u00e1tica para Meninas], da qual o Brasil participa desde 2017.&nbsp;<\/p>\n\n\n\n<p>A idealizadora do torneio \u00e9 tamb\u00e9m uma mulher que se dedica ao estudo dos n\u00fameros &#8211; a estudante de engenharia de computa\u00e7\u00e3o do Instituto Militar de Engenharia (IME) e uma das coordenadoras da Olimp\u00edada Brasileira de Matem\u00e1tica (OBM), Ana Karoline Borges.&nbsp;<\/p>\n\n\n\n<p>Ana Karolina participa de olimp\u00edadas desde que cursava a 6\u00aa s\u00e9rie do ensino fundamental. Ela lembra que, na \u00e9poca, era a \u00fanica menina em uma sala de aula com 40 estudantes, que eram preparados esse tipo de competi\u00e7\u00e3o na escola onde estudavam. Ao longo dos anos, ela percebeu que faltavam exemplos de mulheres nas exatas e uma rede que pudesse apoiar as meninas na matem\u00e1tica.&nbsp;<\/p>\n\n\n\n<p>\u201cConversei com outras professoras e apresentamos a ideia de fazer uma olimp\u00edada s\u00f3 para meninas, que pudesse servir como um meio de criar uma rede de meninas que fazem matem\u00e1tica e que, a partir disso, elas pudessem se conhecer, ser inseridas nesse meio, que pudesssem ver que n\u00e3o est\u00e3o sozinhas\u201d,&nbsp; diz.<\/p>\n\n\n\n<p>A coordenadora carrega no curr\u00edculo v\u00e1rias premia\u00e7\u00f5es. Foram seis medalhas s\u00f3 na OBM. Ela competiu tamb\u00e9m internacionalmente, recebendo medalha de prata na Olimp\u00edada Ibero-Americana de Matem\u00e1tica. \u201cMeu principal objetivo com o torneio \u00e9 que as alunas de todo o Brasil possam ter as mesmas oportunidades que tive e que portas possam se abrir para todas\u201d.<\/p>\n\n\n\n<h2 class=\"wp-block-heading\">Aplica\u00e7\u00e3o das provas<\/h2>\n\n\n\n<p>O TM\u00b2 \u00e9 realizado pelo Instituto de Matem\u00e1tica Pura e Aplicada (Impa), com o apoio da Sociedade Brasileira de Matem\u00e1tica.&nbsp;<\/p>\n\n\n\n<p>A prova contar\u00e1 com cinco quest\u00f5es discursivas para ambos os n\u00edveis da competi\u00e7\u00e3o: n\u00edvel 2, voltado para alunas do 8\u00ba e 9\u00ba anos, e n\u00edvel 3, para estudantes do ensino m\u00e9dio. As alunas ter\u00e3o quatro horas e 30 minutos para resolv\u00ea-las. A organiza\u00e7\u00e3o recomenda que as estudantes cheguem ao local da prova com pelo menos 30 minutos de anteced\u00eancia. \u00c9 obrigat\u00f3rio apresentar um documento de identifica\u00e7\u00e3o original, leg\u00edvel, com foto e CPF. Alunas que n\u00e3o t\u00eam CPF poder\u00e3o indicar o n\u00famero do documento do respons\u00e1vel legal.<\/p>\n\n\n\n<p>A TM\u00b2 servir\u00e1 como primeiro teste de sele\u00e7\u00e3o das quatro alunas que representar\u00e3o o Brasil na European Girls\u2019 Mathematical Olympiad, cuja pr\u00f3xima edi\u00e7\u00e3o ser\u00e1 em Egmond, na Holanda.<\/p>\n\n\n\n<p>Ao todo, ser\u00e3o distribu\u00eddas quatro medalhas de ouro, oito de prata e 12 de bronze. Al\u00e9m disso, ser\u00e3o entregues at\u00e9 20 men\u00e7\u00f5es honrosas para as alunas com os melhores desempenhos.<\/p>\n\n\n\n<p>A lista de premiadas ser\u00e1 divulgada no&nbsp;<em>site<\/em>&nbsp;do torneio, em 11 de dezembro. As medalhistas ser\u00e3o convidadas a participar de cursos, treinamentos ol\u00edmpicos e processos seletivos oferecidos na Semana Ol\u00edmpica da OBM.<\/p>\n","protected":false},"excerpt":{"rendered":"<p>Todos os dias a estudante Bruna Vieira, 15 anos, estuda um pouco de matem\u00e1tica. Faz exerc\u00edcios recomendados pela escola e outros que busca por conta&hellip; <\/p>\n","protected":false},"author":1,"featured_media":127232,"comment_status":"closed","ping_status":"closed","sticky":false,"template":"","format":"standard","meta":{"sfsi_plus_gutenberg_text_before_share":"","sfsi_plus_gutenberg_show_text_before_share":"","sfsi_plus_gutenberg_icon_type":"","sfsi_plus_gutenberg_icon_alignemt":"","sfsi_plus_gutenburg_max_per_row":"","footnotes":""},"categories":[14],"tags":[],"class_list":["post-127231","post","type-post","status-publish","format-standard","has-post-thumbnail","hentry","category-educacao"],"_links":{"self":[{"href":"https:\/\/www.caririemacao.com\/1\/wp-json\/wp\/v2\/posts\/127231","targetHints":{"allow":["GET"]}}],"collection":[{"href":"https:\/\/www.caririemacao.com\/1\/wp-json\/wp\/v2\/posts"}],"about":[{"href":"https:\/\/www.caririemacao.com\/1\/wp-json\/wp\/v2\/types\/post"}],"author":[{"embeddable":true,"href":"https:\/\/www.caririemacao.com\/1\/wp-json\/wp\/v2\/users\/1"}],"replies":[{"embeddable":true,"href":"https:\/\/www.caririemacao.com\/1\/wp-json\/wp\/v2\/comments?post=127231"}],"version-history":[{"count":1,"href":"https:\/\/www.caririemacao.com\/1\/wp-json\/wp\/v2\/posts\/127231\/revisions"}],"predecessor-version":[{"id":127233,"href":"https:\/\/www.caririemacao.com\/1\/wp-json\/wp\/v2\/posts\/127231\/revisions\/127233"}],"wp:featuredmedia":[{"embeddable":true,"href":"https:\/\/www.caririemacao.com\/1\/wp-json\/wp\/v2\/media\/127232"}],"wp:attachment":[{"href":"https:\/\/www.caririemacao.com\/1\/wp-json\/wp\/v2\/media?parent=127231"}],"wp:term":[{"taxonomy":"category","embeddable":true,"href":"https:\/\/www.caririemacao.com\/1\/wp-json\/wp\/v2\/categories?post=127231"},{"taxonomy":"post_tag","embeddable":true,"href":"https:\/\/www.caririemacao.com\/1\/wp-json\/wp\/v2\/tags?post=127231"}],"curies":[{"name":"wp","href":"https:\/\/api.w.org\/{rel}","templated":true}]}}