{"id":127245,"date":"2019-10-17T08:45:42","date_gmt":"2019-10-17T11:45:42","guid":{"rendered":"http:\/\/www.caririemacao.com\/1\/?p=127245"},"modified":"2019-10-17T08:45:42","modified_gmt":"2019-10-17T11:45:42","slug":"mais-de-11-das-cidades-aderem-ao-programa-de-escolas-civico-militares","status":"publish","type":"post","link":"https:\/\/www.caririemacao.com\/1\/2019\/10\/17\/mais-de-11-das-cidades-aderem-ao-programa-de-escolas-civico-militares\/","title":{"rendered":"Mais de 11% das cidades aderem ao programa de escolas c\u00edvico-militares"},"content":{"rendered":"\n<p>O Minist\u00e9rio da Educa\u00e7\u00e3o (MEC) divulgou hoje (16) o resultado preliminar da ades\u00e3o ao programa de escolas c\u00edvico-militares anunciado no in\u00edcio de setembro. No total, 643 prefeituras se inscreveram no programa, o que representa 11,5% dos munic\u00edpios brasileiros. Dentre os inscritos, 290 s\u00e3o de cidades da Regi\u00e3o Nordeste.&nbsp;<\/p>\n\n\n\n<p>De acordo com o ministro Abraham Weintraub, a ades\u00e3o pode crescer nos pr\u00f3ximos dias. \u201cMuitos munic\u00edpios aderiram usando o servi\u00e7o dos Correios. Acreditamos que mais cartas de ades\u00e3o de munic\u00edpios [mais distantes] devem chegar ao MEC\u201d, disse. De acordo com o relat\u00f3rio divulgado pelo MEC, Acre e Amap\u00e1 ainda n\u00e3o tiveram nenhum pedido de ades\u00e3o confirmado.<\/p>\n\n\n\n<p>O presidente da Rep\u00fablica, Jair Bolsonaro, publicou em suas redes sociais v\u00eddeo no qual o ministro d\u00e1 um panorama sobre a ades\u00e3o dos&nbsp;munic\u00edpios ao programa.<\/p>\n\n\n\n<figure class=\"wp-block-image\"><a href=\"https:\/\/twitter.com\/jairbolsonaro\"><img decoding=\"async\" data-src=\"https:\/\/pbs.twimg.com\/profile_images\/1057631480459886595\/9VPdGJJz_bigger.jpg\" alt=\"\" src=\"data:image\/svg+xml;base64,PHN2ZyB3aWR0aD0iMSIgaGVpZ2h0PSIxIiB4bWxucz0iaHR0cDovL3d3dy53My5vcmcvMjAwMC9zdmciPjwvc3ZnPg==\" class=\"lazyload\" \/><\/a><\/figure>\n\n\n\n<p><a href=\"https:\/\/twitter.com\/jairbolsonaro\"><strong>Jair M. Bolsonaro<\/strong><strong>&#x2714;<\/strong>@jairbolsonaro<\/a><a href=\"https:\/\/twitter.com\/jairbolsonaro\/status\/1184612365368729600\"><\/a><\/p>\n\n\n\n<p>650 munic\u00edpios aderiram \u00e0 Escola C\u00edvico-militar. Em breve anunciaremos as primeiras cidades contempladas e j\u00e1 para come\u00e7ar o ano letivo do ano que vem! Saiba mais pelas palavras do <a href=\"https:\/\/twitter.com\/MEC_Comunicacao\">@MEC_Comunicacao<\/a> <a href=\"https:\/\/twitter.com\/AbrahamWeint\">@AbrahamWeint<\/a> :<a href=\"https:\/\/twitter.com\/jairbolsonaro\/status\/1184612365368729600\"><\/a><a href=\"https:\/\/twitter.com\/intent\/like?tweet_id=1184612365368729600\">17,4&nbsp;mil<\/a><a href=\"https:\/\/twitter.com\/jairbolsonaro\/status\/1184612365368729600\">20:29 &#8211; 16 de out de 2019<\/a><a href=\"https:\/\/support.twitter.com\/articles\/20175256\">Informa\u00e7\u00f5es e privacidade no Twitter Ads<\/a><a href=\"https:\/\/twitter.com\/jairbolsonaro\/status\/1184612365368729600\">4.176 pessoas est\u00e3o falando sobre isso<\/a><\/p>\n\n\n\n<p>Antes de abrir o processo para os munic\u00edpios, os estados foram consultados. O<a href=\"http:\/\/agenciabrasil.ebc.com.br\/educacao\/noticia\/2019-10\/quinze-estados-e-df-aderem-ao-programa-das-escolas-civico-militares\" target=\"_blank\" rel=\"noreferrer noopener\">&nbsp;Distrito Federal e mais 15 unidades da Federa\u00e7\u00e3o<\/a>&nbsp;aderiram ao programa. Nesta nova fase, apenas as prefeituras puderam se inscrever para receber o modelo de escola c\u00edvico-militar, mesmo que os respectivos estados n\u00e3o tivessem manifestado interesse.<\/p>\n\n\n\n<p>Weintraub disse que haver\u00e1 uma sele\u00e7\u00e3o entre os inscritos. A primeira leva de escolas c\u00edvico-militares deve atender menos de 10% das solicita\u00e7\u00f5es. \u201cO plano prev\u00ea a implanta\u00e7\u00e3o de 54 escolas. Portanto, h\u00e1 excesso de demanda, e n\u00e3o escassez de oferta\u201d, disse.<\/p>\n\n\n\n<p>O ministro argumentou que far\u00e1 uma consulta jur\u00eddica para saber como incluir prefeituras localizadas nos 11 estados que n\u00e3o quiseram participar do projeto. No Nordeste, respons\u00e1vel por quase metade das inscri\u00e7\u00f5es, apenas o Cear\u00e1 est\u00e1 inscrito.&nbsp;<\/p>\n\n\n\n<p>Assista na&nbsp;<strong>TV Brasil<\/strong>:<\/p>\n\n\n\n<figure><iframe allowfullscreen=\"\" data-src=\"https:\/\/www.youtube.com\/embed\/fpjdwzNs_QM\" src=\"data:image\/svg+xml;base64,PHN2ZyB3aWR0aD0iMSIgaGVpZ2h0PSIxIiB4bWxucz0iaHR0cDovL3d3dy53My5vcmcvMjAwMC9zdmciPjwvc3ZnPg==\" class=\"lazyload\" data-load-mode=\"1\"><\/iframe><\/figure>\n\n\n\n<h2 class=\"wp-block-heading\">Escolas diferenciadas<\/h2>\n\n\n\n<p>O modelo proposto pelo MEC para&nbsp;<a href=\"http:\/\/agenciabrasil.ebc.com.br\/politica\/noticia\/2019-09\/governo-lanca-programa-para-escolas-civico-militares\" target=\"_blank\" rel=\"noreferrer noopener\">as escolas c\u00edvico-militares<\/a>&nbsp;\u00e9 destinado a escolas p\u00fablicas que ofere\u00e7am o ciclo final do ensino fundamental (do 6\u00ba ao 9\u00ba ano), e que tenham de 500 a 1 mil alunos matriculados. A situa\u00e7\u00e3o de vulnerabilidade social dos jovens e um baixo \u00cdndice de Desenvolvimento de Educa\u00e7\u00e3o B\u00e1sica (Ideb) tamb\u00e9m s\u00e3o fatores determinantes na escolha da institui\u00e7\u00e3o.<\/p>\n\n\n\n<p>De acordo com o plano educacional, as escolas ter\u00e3o como foco \u201cfortalecer valores humanos, \u00e9ticos e morais, bem como incentivar a forma\u00e7\u00e3o integral do cidad\u00e3o\u201d.<\/p>\n\n\n\n<p>As escolas passar\u00e3o a ser administradas por militares da reserva, que ser\u00e3o contratados por crit\u00e9rios ainda n\u00e3o definidos pela pasta. Policiais e bombeiros militares tamb\u00e9m poder\u00e3o participar do programa.<\/p>\n\n\n\n<p>O MEC deve divulgar a lista final com os nomes dos munic\u00edpios selecionados no dia 15 de novembro.<\/p>\n","protected":false},"excerpt":{"rendered":"<p>O Minist\u00e9rio da Educa\u00e7\u00e3o (MEC) divulgou hoje (16) o resultado preliminar da ades\u00e3o ao programa de escolas c\u00edvico-militares anunciado no in\u00edcio de setembro. No total,&hellip; <\/p>\n","protected":false},"author":1,"featured_media":127246,"comment_status":"closed","ping_status":"closed","sticky":false,"template":"","format":"standard","meta":{"sfsi_plus_gutenberg_text_before_share":"","sfsi_plus_gutenberg_show_text_before_share":"","sfsi_plus_gutenberg_icon_type":"","sfsi_plus_gutenberg_icon_alignemt":"","sfsi_plus_gutenburg_max_per_row":"","footnotes":""},"categories":[2],"tags":[],"class_list":["post-127245","post","type-post","status-publish","format-standard","has-post-thumbnail","hentry","category-geral"],"_links":{"self":[{"href":"https:\/\/www.caririemacao.com\/1\/wp-json\/wp\/v2\/posts\/127245","targetHints":{"allow":["GET"]}}],"collection":[{"href":"https:\/\/www.caririemacao.com\/1\/wp-json\/wp\/v2\/posts"}],"about":[{"href":"https:\/\/www.caririemacao.com\/1\/wp-json\/wp\/v2\/types\/post"}],"author":[{"embeddable":true,"href":"https:\/\/www.caririemacao.com\/1\/wp-json\/wp\/v2\/users\/1"}],"replies":[{"embeddable":true,"href":"https:\/\/www.caririemacao.com\/1\/wp-json\/wp\/v2\/comments?post=127245"}],"version-history":[{"count":1,"href":"https:\/\/www.caririemacao.com\/1\/wp-json\/wp\/v2\/posts\/127245\/revisions"}],"predecessor-version":[{"id":127247,"href":"https:\/\/www.caririemacao.com\/1\/wp-json\/wp\/v2\/posts\/127245\/revisions\/127247"}],"wp:featuredmedia":[{"embeddable":true,"href":"https:\/\/www.caririemacao.com\/1\/wp-json\/wp\/v2\/media\/127246"}],"wp:attachment":[{"href":"https:\/\/www.caririemacao.com\/1\/wp-json\/wp\/v2\/media?parent=127245"}],"wp:term":[{"taxonomy":"category","embeddable":true,"href":"https:\/\/www.caririemacao.com\/1\/wp-json\/wp\/v2\/categories?post=127245"},{"taxonomy":"post_tag","embeddable":true,"href":"https:\/\/www.caririemacao.com\/1\/wp-json\/wp\/v2\/tags?post=127245"}],"curies":[{"name":"wp","href":"https:\/\/api.w.org\/{rel}","templated":true}]}}